{"id":15,"date":"2007-10-25T11:09:06","date_gmt":"2007-10-25T09:09:06","guid":{"rendered":"http:\/\/www.quiltingstudio.hu\/blog\/?p=15"},"modified":"2007-10-26T11:53:09","modified_gmt":"2007-10-26T09:53:09","slug":"a-babakat-en-sem-usztam-meg","status":"publish","type":"post","link":"http:\/\/www.quiltingstudio.hu\/blog\/?p=15","title":{"rendered":"A bab\u00e1kat \u00e9n sem \u00fasztam meg!"},"content":{"rendered":"<p><a href=\"http:\/\/www.quiltingstudio.hu\/blog\/wp-content\/uploads\/2007\/10\/p1020146v2.jpg\" title=\"p1020146v2.jpg\">Jucimama<\/a><\/p>\n<p>\u0150 az egyik kedvencem, jelenleg a\u00a0zacsk\u00f3kra vigy\u00e1z\u00a0.\u00a0( a pocakj\u00e1ban)<\/p>\n","protected":false},"excerpt":{"rendered":"<p>Jucimama \u0150 az egyik kedvencem, jelenleg a\u00a0zacsk\u00f3kra vigy\u00e1z\u00a0.\u00a0( a pocakj\u00e1ban)<\/p>\n","protected":false},"author":1,"featured_media":0,"comment_status":"open","ping_status":"open","sticky":false,"template":"","format":"standard","meta":[],"categories":[5],"tags":[],"aioseo_notices":[],"views":2570,"_links":{"self":[{"href":"http:\/\/www.quiltingstudio.hu\/blog\/index.php?rest_route=\/wp\/v2\/posts\/15"}],"collection":[{"href":"http:\/\/www.quiltingstudio.hu\/blog\/index.php?rest_route=\/wp\/v2\/posts"}],"about":[{"href":"http:\/\/www.quiltingstudio.hu\/blog\/index.php?rest_route=\/wp\/v2\/types\/post"}],"author":[{"embeddable":true,"href":"http:\/\/www.quiltingstudio.hu\/blog\/index.php?rest_route=\/wp\/v2\/users\/1"}],"replies":[{"embeddable":true,"href":"http:\/\/www.quiltingstudio.hu\/blog\/index.php?rest_route=%2Fwp%2Fv2%2Fcomments&post=15"}],"version-history":[{"count":0,"href":"http:\/\/www.quiltingstudio.hu\/blog\/index.php?rest_route=\/wp\/v2\/posts\/15\/revisions"}],"wp:attachment":[{"href":"http:\/\/www.quiltingstudio.hu\/blog\/index.php?rest_route=%2Fwp%2Fv2%2Fmedia&parent=15"}],"wp:term":[{"taxonomy":"category","embeddable":true,"href":"http:\/\/www.quiltingstudio.hu\/blog\/index.php?rest_route=%2Fwp%2Fv2%2Fcategories&post=15"},{"taxonomy":"post_tag","embeddable":true,"href":"http:\/\/www.quiltingstudio.hu\/blog\/index.php?rest_route=%2Fwp%2Fv2%2Ftags&post=15"}],"curies":[{"name":"wp","href":"https:\/\/api.w.org\/{rel}","templated":true}]}}