{"id":1532,"date":"2009-11-03T20:45:36","date_gmt":"2009-11-03T18:45:36","guid":{"rendered":"http:\/\/www.quiltingstudio.hu\/blog\/?p=1532"},"modified":"2009-11-03T20:46:33","modified_gmt":"2009-11-03T18:46:33","slug":"tel-elejei-viragok","status":"publish","type":"post","link":"http:\/\/www.quiltingstudio.hu\/blog\/?p=1532","title":{"rendered":"T\u00e9l elejei vir\u00e1gok&#8230;"},"content":{"rendered":"<p>Mire kiny\u00edlnak, m\u00e1r \u00fagy is t\u00e9l lesz.<\/p>\n<p>\u0150k a leg\u00fajabb kedvenceim:<\/p>\n<div id=\"attachment_1533\" style=\"width: 310px\" class=\"wp-caption aligncenter\"><a href=\"http:\/\/www.quiltingstudio.hu\/blog\/wp-content\/uploads\/2009\/11\/kicsi-lepke.jpg\"><img aria-describedby=\"caption-attachment-1533\" decoding=\"async\" loading=\"lazy\" class=\"size-medium wp-image-1533\" title=\"kicsi-lepke\" src=\"http:\/\/www.quiltingstudio.hu\/blog\/wp-content\/uploads\/2009\/11\/kicsi-lepke-300x180.jpg\" alt=\"Feh\u00e9r  orchidea\" width=\"300\" height=\"180\" srcset=\"http:\/\/www.quiltingstudio.hu\/blog\/wp-content\/uploads\/2009\/11\/kicsi-lepke-300x180.jpg 300w, http:\/\/www.quiltingstudio.hu\/blog\/wp-content\/uploads\/2009\/11\/kicsi-lepke.jpg 800w\" sizes=\"(max-width: 300px) 100vw, 300px\" \/><\/a><p id=\"caption-attachment-1533\" class=\"wp-caption-text\">Feh\u00e9r  orchidea<\/p><\/div>\n<p>Ez a n\u00f6v\u00e9ny m\u00e1r tavaly is vir\u00e1gzott, megh\u00e1l\u00e1lva, hogy megmentettem. Pici volt, kev\u00e9sb\u00e9 sz\u00e9p \u00e9s gy\u00e1moltalan.<\/p>\n<p><!--more--><\/p>\n<p>Az id\u00e9n pedig nagyon j\u00f3l \u00e9rezhette mag\u00e1t, hiszen k\u00e9t \u00faj vir\u00e1gsz\u00e1rat n\u00f6veszt egyszerre \u00e9s egyet pedig a tavalyi csupasz vir\u00e1gsz\u00e1ron. Na, erre k\u00edv\u00e1ncsi leszek!<\/p>\n<p>A m\u00e1sik <em>kisbar\u00e1tom<\/em>:<\/p>\n<div id=\"attachment_1534\" style=\"width: 178px\" class=\"wp-caption aligncenter\"><a href=\"http:\/\/www.quiltingstudio.hu\/blog\/wp-content\/uploads\/2009\/11\/3amarilis.jpg\"><img aria-describedby=\"caption-attachment-1534\" decoding=\"async\" loading=\"lazy\" class=\"size-medium wp-image-1534\" title=\"3amarilis\" src=\"http:\/\/www.quiltingstudio.hu\/blog\/wp-content\/uploads\/2009\/11\/3amarilis-168x300.jpg\" alt=\"R\u00f3zsasz\u00edn amarilis\" width=\"168\" height=\"300\" srcset=\"http:\/\/www.quiltingstudio.hu\/blog\/wp-content\/uploads\/2009\/11\/3amarilis-168x300.jpg 168w, http:\/\/www.quiltingstudio.hu\/blog\/wp-content\/uploads\/2009\/11\/3amarilis-576x1024.jpg 576w, http:\/\/www.quiltingstudio.hu\/blog\/wp-content\/uploads\/2009\/11\/3amarilis.jpg 800w\" sizes=\"(max-width: 168px) 100vw, 168px\" \/><\/a><p id=\"caption-attachment-1534\" class=\"wp-caption-text\">R\u00f3zsasz\u00edn amarilis<\/p><\/div>\n<p>Ez a sok bimb\u00f3 (<strong>H\u00c1ROM!!<\/strong>) nem az \u00e9n \u00e9rdemem, \u00edgy vettem. De nem b\u00edrtam otthagyni. Na, j\u00f3 aznap egy m\u00e1sikat is (pirosat) siker\u00fclt hazahoznom. Hollandi\u00e1ban l\u00e1ttam milyen v\u00e1ltozatos, milyen sok f\u00e9l\u00e9k. Nem c\u00e9lom a teljes v\u00e1laszt\u00e9kot beszerezni, csak &#8230;.n\u00e9h\u00e1nyat!!<\/p>\n<p>Ha kiny\u00edltak, felt\u00e9tlen\u00fcl megmutatom.<\/p>\n<p>A leg\u00f6regebb orchide\u00e1m is ism\u00e9t vir\u00e1gz\u00e1sba kezdett, \u0151 volt az <strong>els\u0151<\/strong>, a <strong>kezdet<\/strong>. Egy s\u00e1rga lepkeorchidea. (tavaly kar\u00e1csony k\u00f6r\u00fcl ny\u00edlt ki \u00e9s kb. m\u00e1rciusig vir\u00e1gzott.)<\/p>\n<p>(Miut\u00e1n  megvett\u00fck, az volt a felt\u00e9tel, ha M\u00c9G EGYSZER vir\u00e1gzik, kaphatok majd egy m\u00e1sikat. Azt\u00e1n vir\u00e1gzott. Egyb\u0151l jeleztem : felt\u00e9tel teljes\u00edtve, \u00e9s m\u00e1r vett\u00fcnk\u00a0 is egy \u00fajabbat. A felt\u00e9tel enn\u00e9l is ugyanaz volt. Ez is vir\u00e1gzott a k\u00f6vetkez\u0151 \u00e9vben. Azt\u00e1n j\u00f6tt a k\u00f6vetkez\u0151 \u00e9s \u00edgy tov\u00e1bb. Most nem tudom pontosan h\u00e1ny darabn\u00e1l tartok&#8230;.nem sz\u00e1molom, csak gy\u00f6ny\u00f6rk\u00f6d\u00f6m benn\u00fck!)<\/p>\n","protected":false},"excerpt":{"rendered":"<p>Mire kiny\u00edlnak, m\u00e1r \u00fagy is t\u00e9l lesz. \u0150k a leg\u00fajabb kedvenceim: Ez a n\u00f6v\u00e9ny m\u00e1r tavaly is vir\u00e1gzott, megh\u00e1l\u00e1lva, hogy megmentettem. Pici volt, kev\u00e9sb\u00e9 sz\u00e9p \u00e9s gy\u00e1moltalan.<\/p>\n","protected":false},"author":1,"featured_media":0,"comment_status":"open","ping_status":"closed","sticky":false,"template":"","format":"standard","meta":[],"categories":[8],"tags":[],"aioseo_notices":[],"views":3071,"_links":{"self":[{"href":"http:\/\/www.quiltingstudio.hu\/blog\/index.php?rest_route=\/wp\/v2\/posts\/1532"}],"collection":[{"href":"http:\/\/www.quiltingstudio.hu\/blog\/index.php?rest_route=\/wp\/v2\/posts"}],"about":[{"href":"http:\/\/www.quiltingstudio.hu\/blog\/index.php?rest_route=\/wp\/v2\/types\/post"}],"author":[{"embeddable":true,"href":"http:\/\/www.quiltingstudio.hu\/blog\/index.php?rest_route=\/wp\/v2\/users\/1"}],"replies":[{"embeddable":true,"href":"http:\/\/www.quiltingstudio.hu\/blog\/index.php?rest_route=%2Fwp%2Fv2%2Fcomments&post=1532"}],"version-history":[{"count":5,"href":"http:\/\/www.quiltingstudio.hu\/blog\/index.php?rest_route=\/wp\/v2\/posts\/1532\/revisions"}],"predecessor-version":[{"id":1539,"href":"http:\/\/www.quiltingstudio.hu\/blog\/index.php?rest_route=\/wp\/v2\/posts\/1532\/revisions\/1539"}],"wp:attachment":[{"href":"http:\/\/www.quiltingstudio.hu\/blog\/index.php?rest_route=%2Fwp%2Fv2%2Fmedia&parent=1532"}],"wp:term":[{"taxonomy":"category","embeddable":true,"href":"http:\/\/www.quiltingstudio.hu\/blog\/index.php?rest_route=%2Fwp%2Fv2%2Fcategories&post=1532"},{"taxonomy":"post_tag","embeddable":true,"href":"http:\/\/www.quiltingstudio.hu\/blog\/index.php?rest_route=%2Fwp%2Fv2%2Ftags&post=1532"}],"curies":[{"name":"wp","href":"https:\/\/api.w.org\/{rel}","templated":true}]}}