{"id":1554,"date":"2009-11-05T15:55:37","date_gmt":"2009-11-05T13:55:37","guid":{"rendered":"http:\/\/www.quiltingstudio.hu\/blog\/?p=1554"},"modified":"2009-11-05T15:55:37","modified_gmt":"2009-11-05T13:55:37","slug":"kincseim-iii","status":"publish","type":"post","link":"http:\/\/www.quiltingstudio.hu\/blog\/?p=1554","title":{"rendered":"Kincseim III&#8230;"},"content":{"rendered":"<div id=\"attachment_1541\" style=\"width: 137px\" class=\"wp-caption aligncenter\"><a href=\"http:\/\/www.quiltingstudio.hu\/blog\/wp-content\/uploads\/2009\/11\/polc.jpg\"><img aria-describedby=\"caption-attachment-1541\" decoding=\"async\" loading=\"lazy\" class=\"size-medium wp-image-1541\" title=\"polc\" src=\"http:\/\/www.quiltingstudio.hu\/blog\/wp-content\/uploads\/2009\/11\/polc-127x300.jpg\" alt=\"Kis polc megtelt\" width=\"127\" height=\"300\" srcset=\"http:\/\/www.quiltingstudio.hu\/blog\/wp-content\/uploads\/2009\/11\/polc-127x300.jpg 127w, http:\/\/www.quiltingstudio.hu\/blog\/wp-content\/uploads\/2009\/11\/polc-433x1024.jpg 433w, http:\/\/www.quiltingstudio.hu\/blog\/wp-content\/uploads\/2009\/11\/polc.jpg 800w\" sizes=\"(max-width: 127px) 100vw, 127px\" \/><\/a><p id=\"caption-attachment-1541\" class=\"wp-caption-text\">Kis polc megtelt<\/p><\/div>\n<p>Hirtelen felindul\u00e1sb\u00f3l v\u00e1s\u00e1rolt kis polcom, aminek az el\u0151nye, hogy a v\u00e1s\u00e1rolt Fat Quarterek pontosan belef\u00e9rnek. Eredetileg CD tart\u00f3 polcnak k\u00e9sz\u00fclhetett, de az anyagok t\u00e1rol\u00e1s\u00e1ra is ide\u00e1lis, sz\u00e9pen \u00e1tl\u00e1that\u00f3ak.<!--more--><\/p>\n<p>Fonalakat el\u00e9g gyakran lehet tal\u00e1lni. \u00c9n \u00e1ltal\u00e1ban csak 1-2 gombolyagot szoktam venni, hiszen \u00fagysem\u00a0 szeretn\u00e9k ezekb\u0151l komoly dolgokat k\u00f6tni.<\/p>\n<div id=\"attachment_1542\" style=\"width: 310px\" class=\"wp-caption aligncenter\"><a href=\"http:\/\/www.quiltingstudio.hu\/blog\/wp-content\/uploads\/2009\/11\/fonalak.jpg\"><img aria-describedby=\"caption-attachment-1542\" decoding=\"async\" loading=\"lazy\" class=\"size-medium wp-image-1542\" title=\"fonalak\" src=\"http:\/\/www.quiltingstudio.hu\/blog\/wp-content\/uploads\/2009\/11\/fonalak-300x219.jpg\" alt=\"Gombolyagok\" width=\"300\" height=\"219\" srcset=\"http:\/\/www.quiltingstudio.hu\/blog\/wp-content\/uploads\/2009\/11\/fonalak-300x219.jpg 300w, http:\/\/www.quiltingstudio.hu\/blog\/wp-content\/uploads\/2009\/11\/fonalak.jpg 800w\" sizes=\"(max-width: 300px) 100vw, 300px\" \/><\/a><p id=\"caption-attachment-1542\" class=\"wp-caption-text\">Gombolyagok<\/p><\/div>\n<p>Ez csak egy kis kupac, nincs itt mindegyik. A m\u00falt h\u00e9tv\u00e9g\u00e9n vettem nagyon finom puha ang\u00f3ra fonalat. Amint haza\u00e9rtem megk\u00f6t\u00f6ttem bel\u0151le egy\u00a0 s\u00e1lat. Nagyon kellemes volt dolgozni vele. M\u00e1r a kisl\u00e1nyom el is vitte :o)))<\/p>\n<div id=\"attachment_1543\" style=\"width: 227px\" class=\"wp-caption aligncenter\"><a href=\"http:\/\/www.quiltingstudio.hu\/blog\/wp-content\/uploads\/2009\/11\/sbs-pohar.jpg\"><img aria-describedby=\"caption-attachment-1543\" decoding=\"async\" loading=\"lazy\" class=\"size-medium wp-image-1543\" title=\"sbs-pohar\" src=\"http:\/\/www.quiltingstudio.hu\/blog\/wp-content\/uploads\/2009\/11\/sbs-pohar-217x300.jpg\" alt=\"Sunbonnetsue\" width=\"217\" height=\"300\" srcset=\"http:\/\/www.quiltingstudio.hu\/blog\/wp-content\/uploads\/2009\/11\/sbs-pohar-217x300.jpg 217w, http:\/\/www.quiltingstudio.hu\/blog\/wp-content\/uploads\/2009\/11\/sbs-pohar-741x1024.jpg 741w, http:\/\/www.quiltingstudio.hu\/blog\/wp-content\/uploads\/2009\/11\/sbs-pohar.jpg 800w\" sizes=\"(max-width: 217px) 100vw, 217px\" \/><\/a><p id=\"caption-attachment-1543\" class=\"wp-caption-text\">Sunbonnetsue<\/p><\/div>\n<p>Ugye, -nem kell magyar\u00e1zni-, hogy ezt mi\u00e9rt nem lehetett ott hagyni!? Most ez az \u00fcgyeletes<em> kedvenc<\/em> b\u00f6gr\u00e9m!<\/p>\n","protected":false},"excerpt":{"rendered":"<p>Hirtelen felindul\u00e1sb\u00f3l v\u00e1s\u00e1rolt kis polcom, aminek az el\u0151nye, hogy a v\u00e1s\u00e1rolt Fat Quarterek pontosan belef\u00e9rnek. Eredetileg CD tart\u00f3 polcnak k\u00e9sz\u00fclhetett, de az anyagok t\u00e1rol\u00e1s\u00e1ra is ide\u00e1lis, sz\u00e9pen \u00e1tl\u00e1that\u00f3ak.<\/p>\n","protected":false},"author":1,"featured_media":0,"comment_status":"open","ping_status":"closed","sticky":false,"template":"","format":"standard","meta":[],"categories":[10],"tags":[],"aioseo_notices":[],"views":2533,"_links":{"self":[{"href":"http:\/\/www.quiltingstudio.hu\/blog\/index.php?rest_route=\/wp\/v2\/posts\/1554"}],"collection":[{"href":"http:\/\/www.quiltingstudio.hu\/blog\/index.php?rest_route=\/wp\/v2\/posts"}],"about":[{"href":"http:\/\/www.quiltingstudio.hu\/blog\/index.php?rest_route=\/wp\/v2\/types\/post"}],"author":[{"embeddable":true,"href":"http:\/\/www.quiltingstudio.hu\/blog\/index.php?rest_route=\/wp\/v2\/users\/1"}],"replies":[{"embeddable":true,"href":"http:\/\/www.quiltingstudio.hu\/blog\/index.php?rest_route=%2Fwp%2Fv2%2Fcomments&post=1554"}],"version-history":[{"count":5,"href":"http:\/\/www.quiltingstudio.hu\/blog\/index.php?rest_route=\/wp\/v2\/posts\/1554\/revisions"}],"predecessor-version":[{"id":1559,"href":"http:\/\/www.quiltingstudio.hu\/blog\/index.php?rest_route=\/wp\/v2\/posts\/1554\/revisions\/1559"}],"wp:attachment":[{"href":"http:\/\/www.quiltingstudio.hu\/blog\/index.php?rest_route=%2Fwp%2Fv2%2Fmedia&parent=1554"}],"wp:term":[{"taxonomy":"category","embeddable":true,"href":"http:\/\/www.quiltingstudio.hu\/blog\/index.php?rest_route=%2Fwp%2Fv2%2Fcategories&post=1554"},{"taxonomy":"post_tag","embeddable":true,"href":"http:\/\/www.quiltingstudio.hu\/blog\/index.php?rest_route=%2Fwp%2Fv2%2Ftags&post=1554"}],"curies":[{"name":"wp","href":"https:\/\/api.w.org\/{rel}","templated":true}]}}