{"id":1560,"date":"2009-11-10T11:08:21","date_gmt":"2009-11-10T09:08:21","guid":{"rendered":"http:\/\/www.quiltingstudio.hu\/blog\/?p=1560"},"modified":"2009-11-10T11:08:21","modified_gmt":"2009-11-10T09:08:21","slug":"irattartok","status":"publish","type":"post","link":"http:\/\/www.quiltingstudio.hu\/blog\/?p=1560","title":{"rendered":"Irattart\u00f3k&#8230;"},"content":{"rendered":"<div id=\"attachment_1561\" style=\"width: 271px\" class=\"wp-caption aligncenter\"><a href=\"http:\/\/www.quiltingstudio.hu\/blog\/wp-content\/uploads\/2009\/11\/dosszie.jpg\"><img aria-describedby=\"caption-attachment-1561\" decoding=\"async\" loading=\"lazy\" class=\"size-medium wp-image-1561\" title=\"dosszie\" src=\"http:\/\/www.quiltingstudio.hu\/blog\/wp-content\/uploads\/2009\/11\/dosszie-261x300.jpg\" alt=\"\u0151si magyar mot\u00edvumokkal\" width=\"261\" height=\"300\" srcset=\"http:\/\/www.quiltingstudio.hu\/blog\/wp-content\/uploads\/2009\/11\/dosszie-261x300.jpg 261w, http:\/\/www.quiltingstudio.hu\/blog\/wp-content\/uploads\/2009\/11\/dosszie.jpg 776w\" sizes=\"(max-width: 261px) 100vw, 261px\" \/><\/a><p id=\"caption-attachment-1561\" class=\"wp-caption-text\">\u0150si magyar mot\u00edvumokkal<\/p><\/div>\n<p>Most \u00fajabban ilyen \u00e9s ehhez hasonl\u00f3 bor\u00edt\u00f3kat varrogatok. Ha m\u00e1r\u00a0 varrogatok, arra gondoltam, mi\u00e9rt ne lehetne r\u00e9gi magyar(-os) mot\u00edvumok, mint\u00e1k felhaszn\u00e1l\u00e1s\u00e1val k\u00e9sz\u00edteni. Az \u00f6tletet tett is k\u00f6vette, tegnap este alkottam ezt.<!--more--><\/p>\n<p>A neten tal\u00e1ltam egy r\u00e9gi gy\u0171jtem\u00e9nyes f\u00fczetet, a minta onnan sz\u00e1rmazik. Sokszor el\u0151fordul, hogy kell valamit (pl. aj\u00e1nd\u00e9kba)\u00a0 varrni b\u00e1rmilyen mint\u00e1val, mi\u00e9rt is ne v\u00e1laszthatn\u00e1k ilyen sz\u00e9peket?!<\/p>\n<div id=\"attachment_1563\" style=\"width: 310px\" class=\"wp-caption aligncenter\"><a href=\"http:\/\/www.quiltingstudio.hu\/blog\/wp-content\/uploads\/2009\/11\/dosszie-reszlet.jpg\"><img aria-describedby=\"caption-attachment-1563\" decoding=\"async\" loading=\"lazy\" class=\"size-medium wp-image-1563\" title=\"dosszie-reszlet\" src=\"http:\/\/www.quiltingstudio.hu\/blog\/wp-content\/uploads\/2009\/11\/dosszie-reszlet-300x234.jpg\" alt=\"applik\u00e1lva\" width=\"300\" height=\"234\" srcset=\"http:\/\/www.quiltingstudio.hu\/blog\/wp-content\/uploads\/2009\/11\/dosszie-reszlet-300x234.jpg 300w, http:\/\/www.quiltingstudio.hu\/blog\/wp-content\/uploads\/2009\/11\/dosszie-reszlet.jpg 430w\" sizes=\"(max-width: 300px) 100vw, 300px\" \/><\/a><p id=\"caption-attachment-1563\" class=\"wp-caption-text\">applik\u00e1lva<\/p><\/div>\n<p>Arra gondoltam, kipr\u00f3b\u00e1lom: r\u00e9gi, \u0151si mint\u00e1k mai feldogoz\u00e1sban, technik\u00e1val.<\/p>\n<p>Mivel t\u0171z\u00f6getni is szeretek, meg anyagot festegetni&#8230;.ebb\u0151l sz\u00fcletett ez:<\/p>\n<div id=\"attachment_1564\" style=\"width: 280px\" class=\"wp-caption aligncenter\"><a href=\"http:\/\/www.quiltingstudio.hu\/blog\/wp-content\/uploads\/2009\/11\/dosszie2.jpg\"><img aria-describedby=\"caption-attachment-1564\" decoding=\"async\" loading=\"lazy\" class=\"size-medium wp-image-1564\" title=\"dosszie2\" src=\"http:\/\/www.quiltingstudio.hu\/blog\/wp-content\/uploads\/2009\/11\/dosszie2-270x300.jpg\" alt=\"szabadon\" width=\"270\" height=\"300\" srcset=\"http:\/\/www.quiltingstudio.hu\/blog\/wp-content\/uploads\/2009\/11\/dosszie2-270x300.jpg 270w, http:\/\/www.quiltingstudio.hu\/blog\/wp-content\/uploads\/2009\/11\/dosszie2.jpg 800w\" sizes=\"(max-width: 270px) 100vw, 270px\" \/><\/a><p id=\"caption-attachment-1564\" class=\"wp-caption-text\">szabadon<\/p><\/div>\n<p>Egy kicsit sz\u00e9p\u00edtgettem m\u00e9g gy\u00f6ngy\u00f6kkel. Ez egy sz\u00ednparf\u00e9nak az egyik sz\u00edne a h\u00e1romb\u00f3l, nem lett rossz, de nem a kedvencem ez a fukszia.<\/p>\n<div id=\"attachment_1565\" style=\"width: 178px\" class=\"wp-caption aligncenter\"><a href=\"http:\/\/www.quiltingstudio.hu\/blog\/wp-content\/uploads\/2009\/11\/dosszie2-reszlet.jpg\"><img aria-describedby=\"caption-attachment-1565\" decoding=\"async\" loading=\"lazy\" class=\"size-medium wp-image-1565\" title=\"dosszie2-reszlet\" src=\"http:\/\/www.quiltingstudio.hu\/blog\/wp-content\/uploads\/2009\/11\/dosszie2-reszlet-168x300.jpg\" alt=\"k\u00f6zelebbr\u0151l\" width=\"168\" height=\"300\" srcset=\"http:\/\/www.quiltingstudio.hu\/blog\/wp-content\/uploads\/2009\/11\/dosszie2-reszlet-168x300.jpg 168w, http:\/\/www.quiltingstudio.hu\/blog\/wp-content\/uploads\/2009\/11\/dosszie2-reszlet-576x1024.jpg 576w, http:\/\/www.quiltingstudio.hu\/blog\/wp-content\/uploads\/2009\/11\/dosszie2-reszlet.jpg 800w\" sizes=\"(max-width: 168px) 100vw, 168px\" \/><\/a><p id=\"caption-attachment-1565\" class=\"wp-caption-text\">k\u00f6zelebbr\u0151l<\/p><\/div>\n<p>Valahogy a f\u00e9nyk\u00e9p nem annyira hozza ki a t\u0171z\u00e9s l\u00e1tv\u00e1ny\u00e1t&#8230;tal\u00e1n a sok f\u00e9ny miatt.<\/p>\n","protected":false},"excerpt":{"rendered":"<p>Most \u00fajabban ilyen \u00e9s ehhez hasonl\u00f3 bor\u00edt\u00f3kat varrogatok. Ha m\u00e1r\u00a0 varrogatok, arra gondoltam, mi\u00e9rt ne lehetne r\u00e9gi magyar(-os) mot\u00edvumok, mint\u00e1k felhaszn\u00e1l\u00e1s\u00e1val k\u00e9sz\u00edteni. Az \u00f6tletet tett is k\u00f6vette, tegnap este alkottam ezt.<\/p>\n","protected":false},"author":1,"featured_media":0,"comment_status":"open","ping_status":"closed","sticky":false,"template":"","format":"standard","meta":[],"categories":[3],"tags":[],"aioseo_notices":[],"views":2889,"_links":{"self":[{"href":"http:\/\/www.quiltingstudio.hu\/blog\/index.php?rest_route=\/wp\/v2\/posts\/1560"}],"collection":[{"href":"http:\/\/www.quiltingstudio.hu\/blog\/index.php?rest_route=\/wp\/v2\/posts"}],"about":[{"href":"http:\/\/www.quiltingstudio.hu\/blog\/index.php?rest_route=\/wp\/v2\/types\/post"}],"author":[{"embeddable":true,"href":"http:\/\/www.quiltingstudio.hu\/blog\/index.php?rest_route=\/wp\/v2\/users\/1"}],"replies":[{"embeddable":true,"href":"http:\/\/www.quiltingstudio.hu\/blog\/index.php?rest_route=%2Fwp%2Fv2%2Fcomments&post=1560"}],"version-history":[{"count":4,"href":"http:\/\/www.quiltingstudio.hu\/blog\/index.php?rest_route=\/wp\/v2\/posts\/1560\/revisions"}],"predecessor-version":[{"id":1568,"href":"http:\/\/www.quiltingstudio.hu\/blog\/index.php?rest_route=\/wp\/v2\/posts\/1560\/revisions\/1568"}],"wp:attachment":[{"href":"http:\/\/www.quiltingstudio.hu\/blog\/index.php?rest_route=%2Fwp%2Fv2%2Fmedia&parent=1560"}],"wp:term":[{"taxonomy":"category","embeddable":true,"href":"http:\/\/www.quiltingstudio.hu\/blog\/index.php?rest_route=%2Fwp%2Fv2%2Fcategories&post=1560"},{"taxonomy":"post_tag","embeddable":true,"href":"http:\/\/www.quiltingstudio.hu\/blog\/index.php?rest_route=%2Fwp%2Fv2%2Ftags&post=1560"}],"curies":[{"name":"wp","href":"https:\/\/api.w.org\/{rel}","templated":true}]}}