{"id":1779,"date":"2010-02-02T06:04:43","date_gmt":"2010-02-02T04:04:43","guid":{"rendered":"http:\/\/www.quiltingstudio.hu\/blog\/?p=1779"},"modified":"2010-02-02T06:04:43","modified_gmt":"2010-02-02T04:04:43","slug":"uj-formak-uj-otletek","status":"publish","type":"post","link":"http:\/\/www.quiltingstudio.hu\/blog\/?p=1779","title":{"rendered":"\u00daj form\u00e1k, \u00faj \u00f6tletek&#8230;"},"content":{"rendered":"<p>Most kiv\u00e9telesen nem a foltvarr\u00e1sr\u00f3l van sz\u00f3, hanem &#8230;.<\/p>\n<div id=\"attachment_1780\" style=\"width: 310px\" class=\"wp-caption aligncenter\"><a href=\"http:\/\/www.quiltingstudio.hu\/blog\/wp-content\/uploads\/2010\/02\/turos-gondolak.jpg\"><img aria-describedby=\"caption-attachment-1780\" decoding=\"async\" loading=\"lazy\" class=\"size-medium wp-image-1780\" title=\"turos-gondolak\" src=\"http:\/\/www.quiltingstudio.hu\/blog\/wp-content\/uploads\/2010\/02\/turos-gondolak-300x168.jpg\" alt=\"\u00c9des v\u00e1ltozatban\" width=\"300\" height=\"168\" srcset=\"http:\/\/www.quiltingstudio.hu\/blog\/wp-content\/uploads\/2010\/02\/turos-gondolak-300x168.jpg 300w, http:\/\/www.quiltingstudio.hu\/blog\/wp-content\/uploads\/2010\/02\/turos-gondolak.jpg 800w\" sizes=\"(max-width: 300px) 100vw, 300px\" \/><\/a><p id=\"caption-attachment-1780\" class=\"wp-caption-text\">\u00c9des v\u00e1ltozatban<\/p><\/div>\n<p>s\u00fct\u00e9s-f\u0151z\u00e9sr\u0151l. Kaptam egy s\u00fct\u0151form\u00e1t, gondol\u00e1kat, amit felt\u00e9tlen\u00fcl ki kellett pr\u00f3b\u00e1lni.<\/p>\n<p>El\u0151sz\u00f6r egy k\u00f6nny\u0171 linzert\u00e9szt\u00e1t k\u00e9sz\u00edtett\u00fcnk, t\u00far\u00f3val t\u00f6ltve, \u00e9s barackkal d\u00edsz\u00edtve.<!--more--><\/p>\n<p>Nagyon j\u00f3l siker\u00fclt \u00e9s finom volt.<\/p>\n<div id=\"attachment_1781\" style=\"width: 310px\" class=\"wp-caption aligncenter\"><a href=\"http:\/\/www.quiltingstudio.hu\/blog\/wp-content\/uploads\/2010\/02\/felkesz-pizza.jpg\"><img aria-describedby=\"caption-attachment-1781\" decoding=\"async\" loading=\"lazy\" class=\"size-medium wp-image-1781\" title=\"felkesz-pizza\" src=\"http:\/\/www.quiltingstudio.hu\/blog\/wp-content\/uploads\/2010\/02\/felkesz-pizza-300x195.jpg\" alt=\"S\u00f3s v\u00e1ltozatban\" width=\"300\" height=\"195\" srcset=\"http:\/\/www.quiltingstudio.hu\/blog\/wp-content\/uploads\/2010\/02\/felkesz-pizza-300x195.jpg 300w, http:\/\/www.quiltingstudio.hu\/blog\/wp-content\/uploads\/2010\/02\/felkesz-pizza.jpg 800w\" sizes=\"(max-width: 300px) 100vw, 300px\" \/><\/a><p id=\"caption-attachment-1781\" class=\"wp-caption-text\">S\u00f3s v\u00e1ltozatban<\/p><\/div>\n<p>Majd est\u00e9re gyorsan k\u00e9sz\u00edtettem egy kis pizzat\u00e9szt\u00e1t \u00e9s mindenf\u00e9l\u00e9vel megt\u00f6lt\u00f6tt\u00fck. Pizzakr\u00e9m , hagyma,kolb\u00e1sz, olajbogy\u00f3 stb. Erre m\u00e9g j\u00f6tt a sajt, \u00e9s ilyenek lettek:<\/p>\n<div id=\"attachment_1782\" style=\"width: 310px\" class=\"wp-caption aligncenter\"><a href=\"http:\/\/www.quiltingstudio.hu\/blog\/wp-content\/uploads\/2010\/02\/kesz-pizza-gondolak.jpg\"><img aria-describedby=\"caption-attachment-1782\" decoding=\"async\" loading=\"lazy\" class=\"size-medium wp-image-1782\" title=\"kesz-pizza-gondolak\" src=\"http:\/\/www.quiltingstudio.hu\/blog\/wp-content\/uploads\/2010\/02\/kesz-pizza-gondolak-300x202.jpg\" alt=\"Pizza gondol\u00e1k\" width=\"300\" height=\"202\" srcset=\"http:\/\/www.quiltingstudio.hu\/blog\/wp-content\/uploads\/2010\/02\/kesz-pizza-gondolak-300x202.jpg 300w, http:\/\/www.quiltingstudio.hu\/blog\/wp-content\/uploads\/2010\/02\/kesz-pizza-gondolak.jpg 800w\" sizes=\"(max-width: 300px) 100vw, 300px\" \/><\/a><p id=\"caption-attachment-1782\" class=\"wp-caption-text\">Pizza gondol\u00e1k<\/p><\/div>\n<p>10-12 perc alatt ropog\u00f3sra s\u00fcltek. Nem tartott sok\u00e1ig, pillanatok alatt elfogyott!<\/p>\n<p>A form\u00e1hoz n\u00e9gy receptet is mell\u00e9keltek, \u00edgy lesz m\u00e9g folytat\u00e1s, hiszen a t\u00f6bbit is ki kell pr\u00f3b\u00e1lni.<\/p>\n","protected":false},"excerpt":{"rendered":"<p>Most kiv\u00e9telesen nem a foltvarr\u00e1sr\u00f3l van sz\u00f3, hanem &#8230;. s\u00fct\u00e9s-f\u0151z\u00e9sr\u0151l. Kaptam egy s\u00fct\u0151form\u00e1t, gondol\u00e1kat, amit felt\u00e9tlen\u00fcl ki kellett pr\u00f3b\u00e1lni. El\u0151sz\u00f6r egy k\u00f6nny\u0171 linzert\u00e9szt\u00e1t k\u00e9sz\u00edtett\u00fcnk, t\u00far\u00f3val t\u00f6ltve, \u00e9s barackkal d\u00edsz\u00edtve.<\/p>\n","protected":false},"author":1,"featured_media":0,"comment_status":"open","ping_status":"closed","sticky":false,"template":"","format":"standard","meta":[],"categories":[7],"tags":[],"aioseo_notices":[],"views":2476,"_links":{"self":[{"href":"http:\/\/www.quiltingstudio.hu\/blog\/index.php?rest_route=\/wp\/v2\/posts\/1779"}],"collection":[{"href":"http:\/\/www.quiltingstudio.hu\/blog\/index.php?rest_route=\/wp\/v2\/posts"}],"about":[{"href":"http:\/\/www.quiltingstudio.hu\/blog\/index.php?rest_route=\/wp\/v2\/types\/post"}],"author":[{"embeddable":true,"href":"http:\/\/www.quiltingstudio.hu\/blog\/index.php?rest_route=\/wp\/v2\/users\/1"}],"replies":[{"embeddable":true,"href":"http:\/\/www.quiltingstudio.hu\/blog\/index.php?rest_route=%2Fwp%2Fv2%2Fcomments&post=1779"}],"version-history":[{"count":3,"href":"http:\/\/www.quiltingstudio.hu\/blog\/index.php?rest_route=\/wp\/v2\/posts\/1779\/revisions"}],"predecessor-version":[{"id":1785,"href":"http:\/\/www.quiltingstudio.hu\/blog\/index.php?rest_route=\/wp\/v2\/posts\/1779\/revisions\/1785"}],"wp:attachment":[{"href":"http:\/\/www.quiltingstudio.hu\/blog\/index.php?rest_route=%2Fwp%2Fv2%2Fmedia&parent=1779"}],"wp:term":[{"taxonomy":"category","embeddable":true,"href":"http:\/\/www.quiltingstudio.hu\/blog\/index.php?rest_route=%2Fwp%2Fv2%2Fcategories&post=1779"},{"taxonomy":"post_tag","embeddable":true,"href":"http:\/\/www.quiltingstudio.hu\/blog\/index.php?rest_route=%2Fwp%2Fv2%2Ftags&post=1779"}],"curies":[{"name":"wp","href":"https:\/\/api.w.org\/{rel}","templated":true}]}}