{"id":1795,"date":"2010-02-11T20:03:21","date_gmt":"2010-02-11T18:03:21","guid":{"rendered":"http:\/\/www.quiltingstudio.hu\/blog\/?p=1795"},"modified":"2010-02-11T20:03:21","modified_gmt":"2010-02-11T18:03:21","slug":"nem-vesztem-el","status":"publish","type":"post","link":"http:\/\/www.quiltingstudio.hu\/blog\/?p=1795","title":{"rendered":"Nem vesztem el&#8230;"},"content":{"rendered":"<p>&#8230;csak k\u00e9sz\u00fclgetek a feh\u00e9rv\u00e1ri bemutat\u00f3ra.<\/p>\n<p>Kedvcsin\u00e1l\u00f3nak csak egy k\u00e9p:<\/p>\n<div id=\"attachment_1796\" style=\"width: 310px\" class=\"wp-caption aligncenter\"><a href=\"http:\/\/www.quiltingstudio.hu\/blog\/wp-content\/uploads\/2010\/02\/karkoto.jpg\"><img aria-describedby=\"caption-attachment-1796\" decoding=\"async\" loading=\"lazy\" class=\"size-medium wp-image-1796\" title=\"karkoto\" src=\"http:\/\/www.quiltingstudio.hu\/blog\/wp-content\/uploads\/2010\/02\/karkoto-300x262.jpg\" alt=\"Kumihimo kark\u00f6t\u0151\" width=\"300\" height=\"262\" srcset=\"http:\/\/www.quiltingstudio.hu\/blog\/wp-content\/uploads\/2010\/02\/karkoto-300x262.jpg 300w, http:\/\/www.quiltingstudio.hu\/blog\/wp-content\/uploads\/2010\/02\/karkoto.jpg 800w\" sizes=\"(max-width: 300px) 100vw, 300px\" \/><\/a><p id=\"caption-attachment-1796\" class=\"wp-caption-text\">Kumihimo kark\u00f6t\u0151<\/p><\/div>\n<p>A t\u00f6bbit a technik\u00e1r\u00f3l majd ott sz\u00f3ban ;o)))<\/p>\n<p>PS: Itt szeretn\u00e9m igazolni azt a t\u00e9nyt, hogy el\u0151bb vagy ut\u00f3bb <em><strong>mindennek elj\u00f6n az ideje<\/strong><\/em>. Kb. 2 \u00e9ve egyik p\u00e1ly\u00e1zatra bek\u00fcld\u00f6tt munk\u00e1m elismer\u00e9sek\u00e9nt kaptam a B&amp;ZS St\u00fadi\u00f3t\u00f3l\u00a0 egy nagy\u00a0 G\u00fctermann k\u00e9szletet tele nagyon sz\u00e9p gy\u00f6ngy\u00f6kkel \u00e9s mindenf\u00e9le kieg\u00e9sz\u00edt\u0151vel, ami az \u00e9kszerk\u00e9sz\u00edt\u00e9shez csak kellhet. Enn\u00e9l jobbkor nem is j\u00f6hetett volna. \u0150szint\u00e9n sz\u00f3lva \u00e9n voltam a legjobban meglep\u0151dve, hogy nekem ilyenem is van. (pl. a kark\u00f6t\u0151n az ez\u00fcst v\u00e9gek \u00e9s kapocs)<\/p>\n","protected":false},"excerpt":{"rendered":"<p>&#8230;csak k\u00e9sz\u00fclgetek a feh\u00e9rv\u00e1ri bemutat\u00f3ra. Kedvcsin\u00e1l\u00f3nak csak egy k\u00e9p: A t\u00f6bbit a technik\u00e1r\u00f3l majd ott sz\u00f3ban ;o))) PS: Itt szeretn\u00e9m igazolni azt a t\u00e9nyt, hogy el\u0151bb vagy ut\u00f3bb mindennek elj\u00f6n az ideje. Kb. 2 \u00e9ve egyik p\u00e1ly\u00e1zatra bek\u00fcld\u00f6tt munk\u00e1m elismer\u00e9sek\u00e9nt kaptam a B&amp;ZS St\u00fadi\u00f3t\u00f3l\u00a0 egy nagy\u00a0 G\u00fctermann k\u00e9szletet tele nagyon sz\u00e9p gy\u00f6ngy\u00f6kkel \u00e9s mindenf\u00e9le kieg\u00e9sz\u00edt\u0151vel, [&hellip;]<\/p>\n","protected":false},"author":1,"featured_media":0,"comment_status":"open","ping_status":"closed","sticky":false,"template":"","format":"standard","meta":[],"categories":[11],"tags":[],"aioseo_notices":[],"views":2182,"_links":{"self":[{"href":"http:\/\/www.quiltingstudio.hu\/blog\/index.php?rest_route=\/wp\/v2\/posts\/1795"}],"collection":[{"href":"http:\/\/www.quiltingstudio.hu\/blog\/index.php?rest_route=\/wp\/v2\/posts"}],"about":[{"href":"http:\/\/www.quiltingstudio.hu\/blog\/index.php?rest_route=\/wp\/v2\/types\/post"}],"author":[{"embeddable":true,"href":"http:\/\/www.quiltingstudio.hu\/blog\/index.php?rest_route=\/wp\/v2\/users\/1"}],"replies":[{"embeddable":true,"href":"http:\/\/www.quiltingstudio.hu\/blog\/index.php?rest_route=%2Fwp%2Fv2%2Fcomments&post=1795"}],"version-history":[{"count":4,"href":"http:\/\/www.quiltingstudio.hu\/blog\/index.php?rest_route=\/wp\/v2\/posts\/1795\/revisions"}],"predecessor-version":[{"id":1800,"href":"http:\/\/www.quiltingstudio.hu\/blog\/index.php?rest_route=\/wp\/v2\/posts\/1795\/revisions\/1800"}],"wp:attachment":[{"href":"http:\/\/www.quiltingstudio.hu\/blog\/index.php?rest_route=%2Fwp%2Fv2%2Fmedia&parent=1795"}],"wp:term":[{"taxonomy":"category","embeddable":true,"href":"http:\/\/www.quiltingstudio.hu\/blog\/index.php?rest_route=%2Fwp%2Fv2%2Fcategories&post=1795"},{"taxonomy":"post_tag","embeddable":true,"href":"http:\/\/www.quiltingstudio.hu\/blog\/index.php?rest_route=%2Fwp%2Fv2%2Ftags&post=1795"}],"curies":[{"name":"wp","href":"https:\/\/api.w.org\/{rel}","templated":true}]}}