{"id":1801,"date":"2010-02-26T15:31:39","date_gmt":"2010-02-26T13:31:39","guid":{"rendered":"http:\/\/www.quiltingstudio.hu\/blog\/?p=1801"},"modified":"2010-02-26T15:31:39","modified_gmt":"2010-02-26T13:31:39","slug":"egy-kis-selyem","status":"publish","type":"post","link":"http:\/\/www.quiltingstudio.hu\/blog\/?p=1801","title":{"rendered":"Egy kis selyem&#8230;"},"content":{"rendered":"<p><a href=\"http:\/\/www.quiltingstudio.hu\/blog\/wp-content\/uploads\/2010\/02\/selyem.jpg\"><img decoding=\"async\" loading=\"lazy\" class=\"aligncenter size-medium wp-image-1802\" title=\"selyem\" src=\"http:\/\/www.quiltingstudio.hu\/blog\/wp-content\/uploads\/2010\/02\/selyem-300x199.jpg\" alt=\"selyem\" width=\"300\" height=\"199\" srcset=\"http:\/\/www.quiltingstudio.hu\/blog\/wp-content\/uploads\/2010\/02\/selyem-300x199.jpg 300w, http:\/\/www.quiltingstudio.hu\/blog\/wp-content\/uploads\/2010\/02\/selyem.jpg 800w\" sizes=\"(max-width: 300px) 100vw, 300px\" \/><\/a><\/p>\n<p>Nem b\u00edrtam ki, hogy ne vegyek egy kis igazi selymet. Addig addig n\u00e9zegettem, am\u00edg csak r\u00e1vettem magam.\u00a0 A csomag Indi\u00e1b\u00f3l \u00e9rkezett (meglep\u0151 m\u00f3don 1 h\u00e9t alatt itt volt!!!)\u00a0 \u00e9s nagyon sz\u00e9p, finom puha.<\/p>\n<p>Persze ki is kellett egyb\u0151l pr\u00f3b\u00e1lnom:<\/p>\n<div class=\"mceTemp mceIEcenter\">\n<dl id=\"attachment_1803\" class=\"wp-caption aligncenter\" style=\"width: 217px;\">\n<dt class=\"wp-caption-dt\"><a href=\"http:\/\/www.quiltingstudio.hu\/blog\/wp-content\/uploads\/2010\/02\/kumifonat.jpg\"><img decoding=\"async\" loading=\"lazy\" class=\"size-medium wp-image-1803\" title=\"kumifonat\" src=\"http:\/\/www.quiltingstudio.hu\/blog\/wp-content\/uploads\/2010\/02\/kumifonat-207x300.jpg\" alt=\"Egy gyors pr\u00f3ba selyemsz\u00e1llal\" width=\"207\" height=\"300\" srcset=\"http:\/\/www.quiltingstudio.hu\/blog\/wp-content\/uploads\/2010\/02\/kumifonat-207x300.jpg 207w, http:\/\/www.quiltingstudio.hu\/blog\/wp-content\/uploads\/2010\/02\/kumifonat-709x1024.jpg 709w, http:\/\/www.quiltingstudio.hu\/blog\/wp-content\/uploads\/2010\/02\/kumifonat.jpg 800w\" sizes=\"(max-width: 207px) 100vw, 207px\" \/><\/a>Egy gyors pr\u00f3ba selyemsz\u00e1lakb\u00f3l<\/dt>\n<\/dl>\n<\/div>\n","protected":false},"excerpt":{"rendered":"<p>Nem b\u00edrtam ki, hogy ne vegyek egy kis igazi selymet. Addig addig n\u00e9zegettem, am\u00edg csak r\u00e1vettem magam.\u00a0 A csomag Indi\u00e1b\u00f3l \u00e9rkezett (meglep\u0151 m\u00f3don 1 h\u00e9t alatt itt volt!!!)\u00a0 \u00e9s nagyon sz\u00e9p, finom puha. Persze ki is kellett egyb\u0151l pr\u00f3b\u00e1lnom: Egy gyors pr\u00f3ba selyemsz\u00e1lakb\u00f3l<\/p>\n","protected":false},"author":1,"featured_media":0,"comment_status":"open","ping_status":"closed","sticky":false,"template":"","format":"standard","meta":[],"categories":[11],"tags":[],"aioseo_notices":[],"views":2995,"_links":{"self":[{"href":"http:\/\/www.quiltingstudio.hu\/blog\/index.php?rest_route=\/wp\/v2\/posts\/1801"}],"collection":[{"href":"http:\/\/www.quiltingstudio.hu\/blog\/index.php?rest_route=\/wp\/v2\/posts"}],"about":[{"href":"http:\/\/www.quiltingstudio.hu\/blog\/index.php?rest_route=\/wp\/v2\/types\/post"}],"author":[{"embeddable":true,"href":"http:\/\/www.quiltingstudio.hu\/blog\/index.php?rest_route=\/wp\/v2\/users\/1"}],"replies":[{"embeddable":true,"href":"http:\/\/www.quiltingstudio.hu\/blog\/index.php?rest_route=%2Fwp%2Fv2%2Fcomments&post=1801"}],"version-history":[{"count":8,"href":"http:\/\/www.quiltingstudio.hu\/blog\/index.php?rest_route=\/wp\/v2\/posts\/1801\/revisions"}],"predecessor-version":[{"id":1811,"href":"http:\/\/www.quiltingstudio.hu\/blog\/index.php?rest_route=\/wp\/v2\/posts\/1801\/revisions\/1811"}],"wp:attachment":[{"href":"http:\/\/www.quiltingstudio.hu\/blog\/index.php?rest_route=%2Fwp%2Fv2%2Fmedia&parent=1801"}],"wp:term":[{"taxonomy":"category","embeddable":true,"href":"http:\/\/www.quiltingstudio.hu\/blog\/index.php?rest_route=%2Fwp%2Fv2%2Fcategories&post=1801"},{"taxonomy":"post_tag","embeddable":true,"href":"http:\/\/www.quiltingstudio.hu\/blog\/index.php?rest_route=%2Fwp%2Fv2%2Ftags&post=1801"}],"curies":[{"name":"wp","href":"https:\/\/api.w.org\/{rel}","templated":true}]}}