{"id":1904,"date":"2010-03-16T07:39:21","date_gmt":"2010-03-16T05:39:21","guid":{"rendered":"http:\/\/www.quiltingstudio.hu\/blog\/?p=1904"},"modified":"2010-03-16T07:39:21","modified_gmt":"2010-03-16T05:39:21","slug":"vege-a-tespedesnek","status":"publish","type":"post","link":"http:\/\/www.quiltingstudio.hu\/blog\/?p=1904","title":{"rendered":"V\u00e9ge a tesped\u00e9snek&#8230;"},"content":{"rendered":"<p>Nem gondoltam volna, hogy id\u00e1ig fajulnak a dolgok&#8230;, hogy megint t\u00e1sk\u00e1t varrok. De nagy \u00far a musz\u00e1j! M\u00e9gsem cipelhetem a cuccaimat ak\u00e1rmilyen\u00a0 szatyorban&#8230;;o)))<\/p>\n<p><a href=\"http:\/\/www.quiltingstudio.hu\/blog\/wp-content\/uploads\/2010\/03\/taska.jpg\"><img decoding=\"async\" loading=\"lazy\" class=\"aligncenter size-medium wp-image-1905\" title=\"taska\" src=\"http:\/\/www.quiltingstudio.hu\/blog\/wp-content\/uploads\/2010\/03\/taska-300x298.jpg\" alt=\"taska\" width=\"300\" height=\"298\" srcset=\"http:\/\/www.quiltingstudio.hu\/blog\/wp-content\/uploads\/2010\/03\/taska-300x298.jpg 300w, http:\/\/www.quiltingstudio.hu\/blog\/wp-content\/uploads\/2010\/03\/taska-150x150.jpg 150w, http:\/\/www.quiltingstudio.hu\/blog\/wp-content\/uploads\/2010\/03\/taska.jpg 800w\" sizes=\"(max-width: 300px) 100vw, 300px\" \/><\/a><\/p>\n<p>Elhat\u00e1roztam \u00e9n ( m\u00e1r r\u00e9ges r\u00e9gen), hogy kicsit mozogni is kellene, de igaz\u00e1n tett csak most k\u00f6vette. \u00dcl\u00f6k 8 \u00f3r\u00e1t az irod\u00e1ban, majd hazamegyek \u00e9s le\u00fcl\u00f6k a varr\u00f3g\u00e9p el\u00e9. Na, ennek most v\u00e9ge!<!--more--><\/p>\n<p>\u00c9s el kell, hogy mondjam igen j\u00f3l esik. \u00dagy fizikailag, mint lelkileg. Mert hogy edz\u00e9s ut\u00e1n nincs is er\u0151m m\u00e1st csin\u00e1lni, csak \u00fclni&#8230;(pl. a varr\u00f3g\u00e9p el\u0151tt :o)) \u00e9s \u00e9n is megnyugszom, hogy m\u00e9gis csak tettem valamit a saj\u00e1t eg\u00e9szs\u00e9gem \u00e9rdek\u00e9ben.<\/p>\n<p>Ennek a h\u00edmz\u00e9smint\u00e1nak (<a href=\"http:\/\/www.loraliedesigns.com\/\" target=\"_blank\">Loralie design<\/a>) most futottam neki harmadszor, de most \u00fagy \u00e9rzem j\u00f3l siker\u00fclt. Sajnos a tervez\u0151je el\u0151szeretettel haszn\u00e1l j\u00f3 nagy szat\u00e9n \u00f6lt\u00e9seket, amik egy v\u00e9kony anyagn\u00e1l meglehet\u0151sen \u00f6sszeh\u00fazz\u00e1k az alapot \u00e9s persze a kont\u00far akkor m\u00e1r nem esik oda, ahova kell.<\/p>\n<p>Ezeknek a mint\u00e1knak k\u00e9t t\u00e1bora van, aki nagyon szereti \u00e9s akinek nagyon nem tetszik. Szerintem j\u00f3pof\u00e1k \u00e9s (sajnos) n\u00e9ha ez az igazs\u00e1g, csak nem merj\u00fck bevallani&#8230;:o)))<\/p>\n","protected":false},"excerpt":{"rendered":"<p>Nem gondoltam volna, hogy id\u00e1ig fajulnak a dolgok&#8230;, hogy megint t\u00e1sk\u00e1t varrok. De nagy \u00far a musz\u00e1j! M\u00e9gsem cipelhetem a cuccaimat ak\u00e1rmilyen\u00a0 szatyorban&#8230;;o))) Elhat\u00e1roztam \u00e9n ( m\u00e1r r\u00e9ges r\u00e9gen), hogy kicsit mozogni is kellene, de igaz\u00e1n tett csak most k\u00f6vette. \u00dcl\u00f6k 8 \u00f3r\u00e1t az irod\u00e1ban, majd hazamegyek \u00e9s le\u00fcl\u00f6k a varr\u00f3g\u00e9p el\u00e9. Na, ennek most [&hellip;]<\/p>\n","protected":false},"author":1,"featured_media":0,"comment_status":"open","ping_status":"closed","sticky":false,"template":"","format":"standard","meta":[],"categories":[3,4],"tags":[],"aioseo_notices":[],"views":3019,"_links":{"self":[{"href":"http:\/\/www.quiltingstudio.hu\/blog\/index.php?rest_route=\/wp\/v2\/posts\/1904"}],"collection":[{"href":"http:\/\/www.quiltingstudio.hu\/blog\/index.php?rest_route=\/wp\/v2\/posts"}],"about":[{"href":"http:\/\/www.quiltingstudio.hu\/blog\/index.php?rest_route=\/wp\/v2\/types\/post"}],"author":[{"embeddable":true,"href":"http:\/\/www.quiltingstudio.hu\/blog\/index.php?rest_route=\/wp\/v2\/users\/1"}],"replies":[{"embeddable":true,"href":"http:\/\/www.quiltingstudio.hu\/blog\/index.php?rest_route=%2Fwp%2Fv2%2Fcomments&post=1904"}],"version-history":[{"count":3,"href":"http:\/\/www.quiltingstudio.hu\/blog\/index.php?rest_route=\/wp\/v2\/posts\/1904\/revisions"}],"predecessor-version":[{"id":1908,"href":"http:\/\/www.quiltingstudio.hu\/blog\/index.php?rest_route=\/wp\/v2\/posts\/1904\/revisions\/1908"}],"wp:attachment":[{"href":"http:\/\/www.quiltingstudio.hu\/blog\/index.php?rest_route=%2Fwp%2Fv2%2Fmedia&parent=1904"}],"wp:term":[{"taxonomy":"category","embeddable":true,"href":"http:\/\/www.quiltingstudio.hu\/blog\/index.php?rest_route=%2Fwp%2Fv2%2Fcategories&post=1904"},{"taxonomy":"post_tag","embeddable":true,"href":"http:\/\/www.quiltingstudio.hu\/blog\/index.php?rest_route=%2Fwp%2Fv2%2Ftags&post=1904"}],"curies":[{"name":"wp","href":"https:\/\/api.w.org\/{rel}","templated":true}]}}