{"id":1982,"date":"2010-05-12T10:59:54","date_gmt":"2010-05-12T08:59:54","guid":{"rendered":"http:\/\/www.quiltingstudio.hu\/blog\/?p=1982"},"modified":"2010-05-12T10:59:54","modified_gmt":"2010-05-12T08:59:54","slug":"lellei-taborba","status":"publish","type":"post","link":"http:\/\/www.quiltingstudio.hu\/blog\/?p=1982","title":{"rendered":"Lellei t\u00e1borba&#8230;"},"content":{"rendered":"<div class=\"mceTemp mceIEcenter\"><\/div>\n<div class=\"mceTemp mceIEcenter\">k\u00e9sz\u00fcl\u00f6k \u00e9s a c\u00e9rnafest\u00e9s vagy m\u00e1s n\u00e9ven t\u0171fest\u00e9s lesz a t\u00e9m\u00e1m.<\/div>\n<div id=\"attachment_1983\" style=\"width: 283px\" class=\"wp-caption aligncenter\"><a href=\"http:\/\/www.quiltingstudio.hu\/blog\/wp-content\/uploads\/2010\/05\/thread-painting.jpg\"><img aria-describedby=\"caption-attachment-1983\" decoding=\"async\" loading=\"lazy\" class=\"size-medium wp-image-1983\" title=\"thread-painting\" src=\"http:\/\/www.quiltingstudio.hu\/blog\/wp-content\/uploads\/2010\/05\/thread-painting-273x300.jpg\" alt=\"xxx\" width=\"273\" height=\"300\" srcset=\"http:\/\/www.quiltingstudio.hu\/blog\/wp-content\/uploads\/2010\/05\/thread-painting-273x300.jpg 273w, http:\/\/www.quiltingstudio.hu\/blog\/wp-content\/uploads\/2010\/05\/thread-painting.jpg 800w\" sizes=\"(max-width: 273px) 100vw, 273px\" \/><\/a><p id=\"caption-attachment-1983\" class=\"wp-caption-text\">C\u00e9rnafest\u00e9s avagy Thread painting<\/p><\/div>\n<p>Ezt bemutatni k\u00e9sz\u00fclt ez a k\u00e9pem, amit kicsit kombin\u00e1ltam a ragaszt\u00f3s applik\u00e1ci\u00f3val (Fusible Appliqu\u00e9) .<\/p>\n<p>Szeretn\u00e9m megk\u00f6nny\u00edteni a t\u00e1borba k\u00e9sz\u00fcl\u0151k dolg\u00e1t avval, hogy itt bemutatom. Tal\u00e1n kicsit k\u00f6nnyebb lesz ez el\u0151k\u00e9sz\u00fclet \u00e9s jobban \u00e9rtik majd, mi mi\u00e9rt kell. Sajnos a k\u00e9p nem t\u00f6k\u00e9letes, z\u00f6ldek kicsit \u00e9l\u00e9nkebbek, de este m\u00e1r csak ilyenre futotta. :o)))<\/p>\n","protected":false},"excerpt":{"rendered":"<p>k\u00e9sz\u00fcl\u00f6k \u00e9s a c\u00e9rnafest\u00e9s vagy m\u00e1s n\u00e9ven t\u0171fest\u00e9s lesz a t\u00e9m\u00e1m. Ezt bemutatni k\u00e9sz\u00fclt ez a k\u00e9pem, amit kicsit kombin\u00e1ltam a ragaszt\u00f3s applik\u00e1ci\u00f3val (Fusible Appliqu\u00e9) . Szeretn\u00e9m megk\u00f6nny\u00edteni a t\u00e1borba k\u00e9sz\u00fcl\u0151k dolg\u00e1t avval, hogy itt bemutatom. Tal\u00e1n kicsit k\u00f6nnyebb lesz ez el\u0151k\u00e9sz\u00fclet \u00e9s jobban \u00e9rtik majd, mi mi\u00e9rt kell. Sajnos a k\u00e9p nem t\u00f6k\u00e9letes, z\u00f6ldek [&hellip;]<\/p>\n","protected":false},"author":1,"featured_media":0,"comment_status":"open","ping_status":"closed","sticky":false,"template":"","format":"standard","meta":[],"categories":[3],"tags":[],"aioseo_notices":[],"views":2110,"_links":{"self":[{"href":"http:\/\/www.quiltingstudio.hu\/blog\/index.php?rest_route=\/wp\/v2\/posts\/1982"}],"collection":[{"href":"http:\/\/www.quiltingstudio.hu\/blog\/index.php?rest_route=\/wp\/v2\/posts"}],"about":[{"href":"http:\/\/www.quiltingstudio.hu\/blog\/index.php?rest_route=\/wp\/v2\/types\/post"}],"author":[{"embeddable":true,"href":"http:\/\/www.quiltingstudio.hu\/blog\/index.php?rest_route=\/wp\/v2\/users\/1"}],"replies":[{"embeddable":true,"href":"http:\/\/www.quiltingstudio.hu\/blog\/index.php?rest_route=%2Fwp%2Fv2%2Fcomments&post=1982"}],"version-history":[{"count":6,"href":"http:\/\/www.quiltingstudio.hu\/blog\/index.php?rest_route=\/wp\/v2\/posts\/1982\/revisions"}],"predecessor-version":[{"id":1989,"href":"http:\/\/www.quiltingstudio.hu\/blog\/index.php?rest_route=\/wp\/v2\/posts\/1982\/revisions\/1989"}],"wp:attachment":[{"href":"http:\/\/www.quiltingstudio.hu\/blog\/index.php?rest_route=%2Fwp%2Fv2%2Fmedia&parent=1982"}],"wp:term":[{"taxonomy":"category","embeddable":true,"href":"http:\/\/www.quiltingstudio.hu\/blog\/index.php?rest_route=%2Fwp%2Fv2%2Fcategories&post=1982"},{"taxonomy":"post_tag","embeddable":true,"href":"http:\/\/www.quiltingstudio.hu\/blog\/index.php?rest_route=%2Fwp%2Fv2%2Ftags&post=1982"}],"curies":[{"name":"wp","href":"https:\/\/api.w.org\/{rel}","templated":true}]}}