{"id":1990,"date":"2010-05-13T10:00:40","date_gmt":"2010-05-13T08:00:40","guid":{"rendered":"http:\/\/www.quiltingstudio.hu\/blog\/?p=1990"},"modified":"2010-05-13T10:00:40","modified_gmt":"2010-05-13T08:00:40","slug":"kirandulas","status":"publish","type":"post","link":"http:\/\/www.quiltingstudio.hu\/blog\/?p=1990","title":{"rendered":"Kir\u00e1ndul\u00e1s&#8230;"},"content":{"rendered":"<p>Csal\u00e1dt\u00f6rt\u00e9neti kutat\u00e1saim sor\u00e1n eljutottam n\u00e9h\u00e1ny v\u00e1rosba, ahova mostan\u00e1ban <em>\u00f6nsz\u00e1ntamb\u00f3l<\/em> nem mentem volna. P\u00e9ld\u00e1ul az egyik&#8230;<\/p>\n<p><a href=\"http:\/\/www.quiltingstudio.hu\/blog\/wp-content\/uploads\/2010\/05\/img01.jpg\"><img decoding=\"async\" loading=\"lazy\" class=\"aligncenter size-medium wp-image-1991\" title=\"img01\" src=\"http:\/\/www.quiltingstudio.hu\/blog\/wp-content\/uploads\/2010\/05\/img01-300x168.jpg\" alt=\"img01\" width=\"300\" height=\"168\" srcset=\"http:\/\/www.quiltingstudio.hu\/blog\/wp-content\/uploads\/2010\/05\/img01-300x168.jpg 300w, http:\/\/www.quiltingstudio.hu\/blog\/wp-content\/uploads\/2010\/05\/img01.jpg 800w\" sizes=\"(max-width: 300px) 100vw, 300px\" \/><\/a><\/p>\n<p style=\"clear:both\">\n<p>A sz\u00e1lak ide vezettek, a tov\u00e1bbi adatok \u00e9rdek\u00e9ben fel kellett keresnem egy m\u00e1sik megyei lev\u00e9lt\u00e1rat is.<\/p>\n<p>Na, hol voltam?<!--more--><\/p>\n<p><a href=\"http:\/\/www.quiltingstudio.hu\/blog\/wp-content\/uploads\/2010\/05\/img02.jpg\"><img decoding=\"async\" loading=\"lazy\" class=\"aligncenter size-medium wp-image-1992\" title=\"img02\" src=\"http:\/\/www.quiltingstudio.hu\/blog\/wp-content\/uploads\/2010\/05\/img02-168x300.jpg\" alt=\"img02\" width=\"168\" height=\"300\" srcset=\"http:\/\/www.quiltingstudio.hu\/blog\/wp-content\/uploads\/2010\/05\/img02-168x300.jpg 168w, http:\/\/www.quiltingstudio.hu\/blog\/wp-content\/uploads\/2010\/05\/img02-576x1024.jpg 576w, http:\/\/www.quiltingstudio.hu\/blog\/wp-content\/uploads\/2010\/05\/img02.jpg 800w\" sizes=\"(max-width: 168px) 100vw, 168px\" \/><\/a><a href=\"http:\/\/www.quiltingstudio.hu\/blog\/wp-content\/uploads\/2010\/05\/img03.jpg\"><\/a><\/p>\n<p style=\"clear:both\">\n<p>Mindez m\u00e9g \u00e1prilisban t\u00f6rt\u00e9nt, kicsit l\u00e1tszik is tal\u00e1n, hogy m\u00e9g nem volt annyira j\u00f3 id\u0151.<\/p>\n<p><a href=\"http:\/\/www.quiltingstudio.hu\/blog\/wp-content\/uploads\/2010\/05\/img03.jpg\"><img decoding=\"async\" loading=\"lazy\" class=\"aligncenter size-medium wp-image-1993\" title=\"img03\" src=\"http:\/\/www.quiltingstudio.hu\/blog\/wp-content\/uploads\/2010\/05\/img03-300x168.jpg\" alt=\"img03\" width=\"300\" height=\"168\" srcset=\"http:\/\/www.quiltingstudio.hu\/blog\/wp-content\/uploads\/2010\/05\/img03-300x168.jpg 300w, http:\/\/www.quiltingstudio.hu\/blog\/wp-content\/uploads\/2010\/05\/img03.jpg 800w\" sizes=\"(max-width: 300px) 100vw, 300px\" \/><\/a><a href=\"http:\/\/www.quiltingstudio.hu\/blog\/wp-content\/uploads\/2010\/05\/img04.jpg\"><\/a><\/p>\n<p style=\"clear:both\">\n<p>De \u00e9pp ny\u00edlott a magn\u00f3lia fa \u00f6sszes vir\u00e1ga, csodasz\u00e9p volt!<\/p>\n<p><a href=\"http:\/\/www.quiltingstudio.hu\/blog\/wp-content\/uploads\/2010\/05\/img04.jpg\"><img decoding=\"async\" loading=\"lazy\" class=\"aligncenter size-medium wp-image-1994\" title=\"img04\" src=\"http:\/\/www.quiltingstudio.hu\/blog\/wp-content\/uploads\/2010\/05\/img04-300x168.jpg\" alt=\"img04\" width=\"300\" height=\"168\" srcset=\"http:\/\/www.quiltingstudio.hu\/blog\/wp-content\/uploads\/2010\/05\/img04-300x168.jpg 300w, http:\/\/www.quiltingstudio.hu\/blog\/wp-content\/uploads\/2010\/05\/img04.jpg 800w\" sizes=\"(max-width: 300px) 100vw, 300px\" \/><\/a><\/p>\n<p>Megfejt\u00e9s: <em>Szombathely, Vas Megyei Lev\u00e9lt\u00e1r<\/em> :o)))<\/p>\n","protected":false},"excerpt":{"rendered":"<p>Csal\u00e1dt\u00f6rt\u00e9neti kutat\u00e1saim sor\u00e1n eljutottam n\u00e9h\u00e1ny v\u00e1rosba, ahova mostan\u00e1ban \u00f6nsz\u00e1ntamb\u00f3l nem mentem volna. P\u00e9ld\u00e1ul az egyik&#8230; A sz\u00e1lak ide vezettek, a tov\u00e1bbi adatok \u00e9rdek\u00e9ben fel kellett keresnem egy m\u00e1sik megyei lev\u00e9lt\u00e1rat is. Na, hol voltam?<\/p>\n","protected":false},"author":1,"featured_media":0,"comment_status":"open","ping_status":"closed","sticky":false,"template":"","format":"standard","meta":[],"categories":[1],"tags":[],"aioseo_notices":[],"views":1808,"_links":{"self":[{"href":"http:\/\/www.quiltingstudio.hu\/blog\/index.php?rest_route=\/wp\/v2\/posts\/1990"}],"collection":[{"href":"http:\/\/www.quiltingstudio.hu\/blog\/index.php?rest_route=\/wp\/v2\/posts"}],"about":[{"href":"http:\/\/www.quiltingstudio.hu\/blog\/index.php?rest_route=\/wp\/v2\/types\/post"}],"author":[{"embeddable":true,"href":"http:\/\/www.quiltingstudio.hu\/blog\/index.php?rest_route=\/wp\/v2\/users\/1"}],"replies":[{"embeddable":true,"href":"http:\/\/www.quiltingstudio.hu\/blog\/index.php?rest_route=%2Fwp%2Fv2%2Fcomments&post=1990"}],"version-history":[{"count":7,"href":"http:\/\/www.quiltingstudio.hu\/blog\/index.php?rest_route=\/wp\/v2\/posts\/1990\/revisions"}],"predecessor-version":[{"id":2001,"href":"http:\/\/www.quiltingstudio.hu\/blog\/index.php?rest_route=\/wp\/v2\/posts\/1990\/revisions\/2001"}],"wp:attachment":[{"href":"http:\/\/www.quiltingstudio.hu\/blog\/index.php?rest_route=%2Fwp%2Fv2%2Fmedia&parent=1990"}],"wp:term":[{"taxonomy":"category","embeddable":true,"href":"http:\/\/www.quiltingstudio.hu\/blog\/index.php?rest_route=%2Fwp%2Fv2%2Fcategories&post=1990"},{"taxonomy":"post_tag","embeddable":true,"href":"http:\/\/www.quiltingstudio.hu\/blog\/index.php?rest_route=%2Fwp%2Fv2%2Ftags&post=1990"}],"curies":[{"name":"wp","href":"https:\/\/api.w.org\/{rel}","templated":true}]}}