{"id":2002,"date":"2010-05-13T10:13:08","date_gmt":"2010-05-13T08:13:08","guid":{"rendered":"http:\/\/www.quiltingstudio.hu\/blog\/?p=2002"},"modified":"2010-05-13T10:13:08","modified_gmt":"2010-05-13T08:13:08","slug":"egy-kis-kenyeztetes","status":"publish","type":"post","link":"http:\/\/www.quiltingstudio.hu\/blog\/?p=2002","title":{"rendered":"Egy kis k\u00e9nyeztet\u00e9s&#8230;."},"content":{"rendered":"<p>A c\u00edm alapj\u00e1n gondolom, nem mindenki erre gondol.<a href=\"http:\/\/www.quiltingstudio.hu\/blog\/wp-content\/uploads\/2010\/05\/kalacs.jpg\"><img decoding=\"async\" loading=\"lazy\" class=\"aligncenter size-medium wp-image-2003\" title=\"kalacs\" src=\"http:\/\/www.quiltingstudio.hu\/blog\/wp-content\/uploads\/2010\/05\/kalacs-300x147.jpg\" alt=\"kalacs\" width=\"300\" height=\"147\" srcset=\"http:\/\/www.quiltingstudio.hu\/blog\/wp-content\/uploads\/2010\/05\/kalacs-300x147.jpg 300w, http:\/\/www.quiltingstudio.hu\/blog\/wp-content\/uploads\/2010\/05\/kalacs.jpg 800w\" sizes=\"(max-width: 300px) 100vw, 300px\" \/><\/a><\/p>\n<p style=\"clear:both\">\n<p>Nem annyira f\u00e9r bele a &#8222;di\u00e9t\u00e1mba&#8221;, de h\u00e1t lehet egy ilyennek ellen\u00e1llni? De legal\u00e1bb \u00e9des\u00edt\u0151szerrel k\u00e9sz\u00fclt cukor helyett. Ugye \u00edgy m\u00e1r lehet?\u00a0 :o)))<\/p>\n","protected":false},"excerpt":{"rendered":"<p>A c\u00edm alapj\u00e1n gondolom, nem mindenki erre gondol. Nem annyira f\u00e9r bele a &#8222;di\u00e9t\u00e1mba&#8221;, de h\u00e1t lehet egy ilyennek ellen\u00e1llni? De legal\u00e1bb \u00e9des\u00edt\u0151szerrel k\u00e9sz\u00fclt cukor helyett. Ugye \u00edgy m\u00e1r lehet?\u00a0 :o)))<\/p>\n","protected":false},"author":1,"featured_media":0,"comment_status":"open","ping_status":"closed","sticky":false,"template":"","format":"standard","meta":[],"categories":[1],"tags":[],"aioseo_notices":[],"views":1815,"_links":{"self":[{"href":"http:\/\/www.quiltingstudio.hu\/blog\/index.php?rest_route=\/wp\/v2\/posts\/2002"}],"collection":[{"href":"http:\/\/www.quiltingstudio.hu\/blog\/index.php?rest_route=\/wp\/v2\/posts"}],"about":[{"href":"http:\/\/www.quiltingstudio.hu\/blog\/index.php?rest_route=\/wp\/v2\/types\/post"}],"author":[{"embeddable":true,"href":"http:\/\/www.quiltingstudio.hu\/blog\/index.php?rest_route=\/wp\/v2\/users\/1"}],"replies":[{"embeddable":true,"href":"http:\/\/www.quiltingstudio.hu\/blog\/index.php?rest_route=%2Fwp%2Fv2%2Fcomments&post=2002"}],"version-history":[{"count":7,"href":"http:\/\/www.quiltingstudio.hu\/blog\/index.php?rest_route=\/wp\/v2\/posts\/2002\/revisions"}],"predecessor-version":[{"id":2603,"href":"http:\/\/www.quiltingstudio.hu\/blog\/index.php?rest_route=\/wp\/v2\/posts\/2002\/revisions\/2603"}],"wp:attachment":[{"href":"http:\/\/www.quiltingstudio.hu\/blog\/index.php?rest_route=%2Fwp%2Fv2%2Fmedia&parent=2002"}],"wp:term":[{"taxonomy":"category","embeddable":true,"href":"http:\/\/www.quiltingstudio.hu\/blog\/index.php?rest_route=%2Fwp%2Fv2%2Fcategories&post=2002"},{"taxonomy":"post_tag","embeddable":true,"href":"http:\/\/www.quiltingstudio.hu\/blog\/index.php?rest_route=%2Fwp%2Fv2%2Ftags&post=2002"}],"curies":[{"name":"wp","href":"https:\/\/api.w.org\/{rel}","templated":true}]}}