{"id":2010,"date":"2010-05-13T10:29:38","date_gmt":"2010-05-13T08:29:38","guid":{"rendered":"http:\/\/www.quiltingstudio.hu\/blog\/?p=2010"},"modified":"2010-05-13T10:29:38","modified_gmt":"2010-05-13T08:29:38","slug":"kalandozasaim","status":"publish","type":"post","link":"http:\/\/www.quiltingstudio.hu\/blog\/?p=2010","title":{"rendered":"Kalandoz\u00e1saim&#8230;"},"content":{"rendered":"<p>Nem tudn\u00e9k (\u00e9s nem is tudok m\u00e9g mindig) nyugodtan aludni, ha nem fejtem meg a csal\u00e1di &#8222;titkokat&#8221;. P\u00e1rhuzamosan kutatom mind a saj\u00e1t csal\u00e1dom, mind a p\u00e1rom csal\u00e1dj\u00e1nak t\u00f6rt\u00e9net\u00e9t. M\u00edg\u00a0 mi -t\u00f6bb, mint kb.250 \u00e9ve- ugyanabban a faluban \u00e9s k\u00f6rny\u00e9k\u00e9n \u00e9lt\u00fcnk (\u00e9l\u00fcnk), addig a m\u00e1sik csal\u00e1d el\u00e9gg\u00e9 &#8222;belakta&#8221;\u00a0 kis haz\u00e1nkat. Nagyon rem\u00e9lem, hogy m\u00e1r enn\u00e9l messzebb nem kell mennem. M\u00e1jusban itt j\u00e1rtam:<\/p>\n<p><a href=\"http:\/\/www.quiltingstudio.hu\/blog\/wp-content\/uploads\/2010\/05\/img05.jpg\"><img decoding=\"async\" loading=\"lazy\" class=\"aligncenter size-medium wp-image-2011\" title=\"img05\" src=\"http:\/\/www.quiltingstudio.hu\/blog\/wp-content\/uploads\/2010\/05\/img05-300x168.jpg\" alt=\"img05\" width=\"300\" height=\"168\" srcset=\"http:\/\/www.quiltingstudio.hu\/blog\/wp-content\/uploads\/2010\/05\/img05-300x168.jpg 300w, http:\/\/www.quiltingstudio.hu\/blog\/wp-content\/uploads\/2010\/05\/img05.jpg 800w\" sizes=\"(max-width: 300px) 100vw, 300px\" \/><\/a><a href=\"http:\/\/www.quiltingstudio.hu\/blog\/wp-content\/uploads\/2010\/05\/img06.jpg\"><\/a><\/p>\n<p style=\"clear:both\"><!--more-->Itt m\u00e1r l\u00e9nyegesen jobb id\u0151 volt.<\/p>\n<p><a href=\"http:\/\/www.quiltingstudio.hu\/blog\/wp-content\/uploads\/2010\/05\/img06.jpg\"><img decoding=\"async\" loading=\"lazy\" class=\"aligncenter size-medium wp-image-2012\" title=\"img06\" src=\"http:\/\/www.quiltingstudio.hu\/blog\/wp-content\/uploads\/2010\/05\/img06-168x300.jpg\" alt=\"img06\" width=\"168\" height=\"300\" srcset=\"http:\/\/www.quiltingstudio.hu\/blog\/wp-content\/uploads\/2010\/05\/img06-168x300.jpg 168w, http:\/\/www.quiltingstudio.hu\/blog\/wp-content\/uploads\/2010\/05\/img06-576x1024.jpg 576w, http:\/\/www.quiltingstudio.hu\/blog\/wp-content\/uploads\/2010\/05\/img06.jpg 800w\" sizes=\"(max-width: 168px) 100vw, 168px\" \/><\/a><a href=\"http:\/\/www.quiltingstudio.hu\/blog\/wp-content\/uploads\/2010\/05\/img07.jpg\"><\/a><\/p>\n<p style=\"clear:both\">\n<p><a href=\"http:\/\/www.quiltingstudio.hu\/blog\/wp-content\/uploads\/2010\/05\/img07.jpg\"><img decoding=\"async\" loading=\"lazy\" class=\"aligncenter size-medium wp-image-2013\" title=\"img07\" src=\"http:\/\/www.quiltingstudio.hu\/blog\/wp-content\/uploads\/2010\/05\/img07-191x300.jpg\" alt=\"img07\" width=\"191\" height=\"300\" srcset=\"http:\/\/www.quiltingstudio.hu\/blog\/wp-content\/uploads\/2010\/05\/img07-191x300.jpg 191w, http:\/\/www.quiltingstudio.hu\/blog\/wp-content\/uploads\/2010\/05\/img07-654x1024.jpg 654w, http:\/\/www.quiltingstudio.hu\/blog\/wp-content\/uploads\/2010\/05\/img07.jpg 800w\" sizes=\"(max-width: 191px) 100vw, 191px\" \/><\/a><a href=\"http:\/\/www.quiltingstudio.hu\/blog\/wp-content\/uploads\/2010\/05\/img08.jpg\"><\/a><\/p>\n<p style=\"clear:both\">\n<p><a href=\"http:\/\/www.quiltingstudio.hu\/blog\/wp-content\/uploads\/2010\/05\/img08.jpg\"><img decoding=\"async\" loading=\"lazy\" class=\"aligncenter size-medium wp-image-2014\" title=\"img08\" src=\"http:\/\/www.quiltingstudio.hu\/blog\/wp-content\/uploads\/2010\/05\/img08-168x300.jpg\" alt=\"img08\" width=\"168\" height=\"300\" srcset=\"http:\/\/www.quiltingstudio.hu\/blog\/wp-content\/uploads\/2010\/05\/img08-168x300.jpg 168w, http:\/\/www.quiltingstudio.hu\/blog\/wp-content\/uploads\/2010\/05\/img08-576x1024.jpg 576w, http:\/\/www.quiltingstudio.hu\/blog\/wp-content\/uploads\/2010\/05\/img08.jpg 800w\" sizes=\"(max-width: 168px) 100vw, 168px\" \/><\/a><a href=\"http:\/\/www.quiltingstudio.hu\/blog\/wp-content\/uploads\/2010\/05\/img09jpg.jpg\"><\/a><\/p>\n<p style=\"clear:both\">Sajnos a lev\u00e9lt\u00e1rak igen hamar (\u00e1ltal\u00e1ban 16 \u00f3rakor)\u00a0 z\u00e1rnak, ez\u00e9rt jutott id\u0151 egy kis kir\u00e1ndul\u00e1sra, egy k\u00e1v\u00e9ra&#8230;<\/p>\n<p><a href=\"http:\/\/www.quiltingstudio.hu\/blog\/wp-content\/uploads\/2010\/05\/img09jpg.jpg\"><img decoding=\"async\" loading=\"lazy\" class=\"aligncenter size-medium wp-image-2015\" title=\"img09jpg\" src=\"http:\/\/www.quiltingstudio.hu\/blog\/wp-content\/uploads\/2010\/05\/img09jpg-300x149.jpg\" alt=\"img09jpg\" width=\"300\" height=\"149\" srcset=\"http:\/\/www.quiltingstudio.hu\/blog\/wp-content\/uploads\/2010\/05\/img09jpg-300x149.jpg 300w, http:\/\/www.quiltingstudio.hu\/blog\/wp-content\/uploads\/2010\/05\/img09jpg.jpg 801w\" sizes=\"(max-width: 300px) 100vw, 300px\" \/><\/a><\/p>\n<p style=\"clear:both\">\n<p><em>Kalocsa, \u00c9rseks\u00e9gi Lev\u00e9lt\u00e1r<\/em><\/p>\n","protected":false},"excerpt":{"rendered":"<p>Nem tudn\u00e9k (\u00e9s nem is tudok m\u00e9g mindig) nyugodtan aludni, ha nem fejtem meg a csal\u00e1di &#8222;titkokat&#8221;. P\u00e1rhuzamosan kutatom mind a saj\u00e1t csal\u00e1dom, mind a p\u00e1rom csal\u00e1dj\u00e1nak t\u00f6rt\u00e9net\u00e9t. M\u00edg\u00a0 mi -t\u00f6bb, mint kb.250 \u00e9ve- ugyanabban a faluban \u00e9s k\u00f6rny\u00e9k\u00e9n \u00e9lt\u00fcnk (\u00e9l\u00fcnk), addig a m\u00e1sik csal\u00e1d el\u00e9gg\u00e9 &#8222;belakta&#8221;\u00a0 kis haz\u00e1nkat. Nagyon rem\u00e9lem, hogy m\u00e1r enn\u00e9l messzebb [&hellip;]<\/p>\n","protected":false},"author":1,"featured_media":0,"comment_status":"open","ping_status":"closed","sticky":false,"template":"","format":"standard","meta":[],"categories":[1],"tags":[],"aioseo_notices":[],"views":1761,"_links":{"self":[{"href":"http:\/\/www.quiltingstudio.hu\/blog\/index.php?rest_route=\/wp\/v2\/posts\/2010"}],"collection":[{"href":"http:\/\/www.quiltingstudio.hu\/blog\/index.php?rest_route=\/wp\/v2\/posts"}],"about":[{"href":"http:\/\/www.quiltingstudio.hu\/blog\/index.php?rest_route=\/wp\/v2\/types\/post"}],"author":[{"embeddable":true,"href":"http:\/\/www.quiltingstudio.hu\/blog\/index.php?rest_route=\/wp\/v2\/users\/1"}],"replies":[{"embeddable":true,"href":"http:\/\/www.quiltingstudio.hu\/blog\/index.php?rest_route=%2Fwp%2Fv2%2Fcomments&post=2010"}],"version-history":[{"count":4,"href":"http:\/\/www.quiltingstudio.hu\/blog\/index.php?rest_route=\/wp\/v2\/posts\/2010\/revisions"}],"predecessor-version":[{"id":2019,"href":"http:\/\/www.quiltingstudio.hu\/blog\/index.php?rest_route=\/wp\/v2\/posts\/2010\/revisions\/2019"}],"wp:attachment":[{"href":"http:\/\/www.quiltingstudio.hu\/blog\/index.php?rest_route=%2Fwp%2Fv2%2Fmedia&parent=2010"}],"wp:term":[{"taxonomy":"category","embeddable":true,"href":"http:\/\/www.quiltingstudio.hu\/blog\/index.php?rest_route=%2Fwp%2Fv2%2Fcategories&post=2010"},{"taxonomy":"post_tag","embeddable":true,"href":"http:\/\/www.quiltingstudio.hu\/blog\/index.php?rest_route=%2Fwp%2Fv2%2Ftags&post=2010"}],"curies":[{"name":"wp","href":"https:\/\/api.w.org\/{rel}","templated":true}]}}