{"id":2021,"date":"2010-05-18T14:13:53","date_gmt":"2010-05-18T12:13:53","guid":{"rendered":"http:\/\/www.quiltingstudio.hu\/blog\/?p=2021"},"modified":"2010-05-18T14:13:53","modified_gmt":"2010-05-18T12:13:53","slug":"egy-kis-romantika","status":"publish","type":"post","link":"http:\/\/www.quiltingstudio.hu\/blog\/?p=2021","title":{"rendered":"Egy kis romantika&#8230;"},"content":{"rendered":"<div class=\"mceTemp mceIEcenter\"><em>Mit lehet ilyen cs\u00fanya id\u0151ben csin\u00e1lni?<\/em><\/div>\n<div id=\"attachment_2020\" style=\"width: 310px\" class=\"wp-caption aligncenter\"><a href=\"http:\/\/www.quiltingstudio.hu\/blog\/wp-content\/uploads\/2010\/05\/rozsakjpg.jpg\"><img aria-describedby=\"caption-attachment-2020\" decoding=\"async\" loading=\"lazy\" class=\"size-medium wp-image-2020\" title=\"rozsakjpg\" src=\"http:\/\/www.quiltingstudio.hu\/blog\/wp-content\/uploads\/2010\/05\/rozsakjpg-300x260.jpg\" alt=\"h\u00edmz\u00e9sek\" width=\"300\" height=\"260\" srcset=\"http:\/\/www.quiltingstudio.hu\/blog\/wp-content\/uploads\/2010\/05\/rozsakjpg-300x260.jpg 300w, http:\/\/www.quiltingstudio.hu\/blog\/wp-content\/uploads\/2010\/05\/rozsakjpg.jpg 675w\" sizes=\"(max-width: 300px) 100vw, 300px\" \/><\/a><p id=\"caption-attachment-2020\" class=\"wp-caption-text\">k\u00e9zi h\u00edmz\u00e9sek<\/p><\/div>\n<p>P\u00e9ld\u00e1ul\u00a0 varrogatni ilyen sz\u00e9peket!<\/p>\n<p>Azt\u00e1n majd elv\u00e1lik, mi is lesz bel\u0151l\u00fck. M\u00e1r vannak elk\u00e9pzel\u00e9seim, csak id\u0151m nincs r\u00e1!!! Ehhez a legnagyobb befektet\u00e9s egy kis h\u00edmz\u0151keret volt, hiszen h\u00edmz\u0151fonalat m\u00e1r kor\u00e1bban vettem ill. \u00f6r\u00f6k\u00f6ltem.<\/p>\n","protected":false},"excerpt":{"rendered":"<p>Mit lehet ilyen cs\u00fanya id\u0151ben csin\u00e1lni? P\u00e9ld\u00e1ul\u00a0 varrogatni ilyen sz\u00e9peket! Azt\u00e1n majd elv\u00e1lik, mi is lesz bel\u0151l\u00fck. M\u00e1r vannak elk\u00e9pzel\u00e9seim, csak id\u0151m nincs r\u00e1!!! Ehhez a legnagyobb befektet\u00e9s egy kis h\u00edmz\u0151keret volt, hiszen h\u00edmz\u0151fonalat m\u00e1r kor\u00e1bban vettem ill. \u00f6r\u00f6k\u00f6ltem.<\/p>\n","protected":false},"author":1,"featured_media":0,"comment_status":"open","ping_status":"closed","sticky":false,"template":"","format":"standard","meta":[],"categories":[3,4],"tags":[],"aioseo_notices":[],"views":1612,"_links":{"self":[{"href":"http:\/\/www.quiltingstudio.hu\/blog\/index.php?rest_route=\/wp\/v2\/posts\/2021"}],"collection":[{"href":"http:\/\/www.quiltingstudio.hu\/blog\/index.php?rest_route=\/wp\/v2\/posts"}],"about":[{"href":"http:\/\/www.quiltingstudio.hu\/blog\/index.php?rest_route=\/wp\/v2\/types\/post"}],"author":[{"embeddable":true,"href":"http:\/\/www.quiltingstudio.hu\/blog\/index.php?rest_route=\/wp\/v2\/users\/1"}],"replies":[{"embeddable":true,"href":"http:\/\/www.quiltingstudio.hu\/blog\/index.php?rest_route=%2Fwp%2Fv2%2Fcomments&post=2021"}],"version-history":[{"count":15,"href":"http:\/\/www.quiltingstudio.hu\/blog\/index.php?rest_route=\/wp\/v2\/posts\/2021\/revisions"}],"predecessor-version":[{"id":2039,"href":"http:\/\/www.quiltingstudio.hu\/blog\/index.php?rest_route=\/wp\/v2\/posts\/2021\/revisions\/2039"}],"wp:attachment":[{"href":"http:\/\/www.quiltingstudio.hu\/blog\/index.php?rest_route=%2Fwp%2Fv2%2Fmedia&parent=2021"}],"wp:term":[{"taxonomy":"category","embeddable":true,"href":"http:\/\/www.quiltingstudio.hu\/blog\/index.php?rest_route=%2Fwp%2Fv2%2Fcategories&post=2021"},{"taxonomy":"post_tag","embeddable":true,"href":"http:\/\/www.quiltingstudio.hu\/blog\/index.php?rest_route=%2Fwp%2Fv2%2Ftags&post=2021"}],"curies":[{"name":"wp","href":"https:\/\/api.w.org\/{rel}","templated":true}]}}