{"id":207,"date":"2008-01-07T13:02:56","date_gmt":"2008-01-07T11:02:56","guid":{"rendered":"http:\/\/www.quiltingstudio.hu\/blog\/?p=207"},"modified":"2008-06-29T17:35:08","modified_gmt":"2008-06-29T15:35:08","slug":"uj-ev-uj-mintak-uj-otletek","status":"publish","type":"post","link":"http:\/\/www.quiltingstudio.hu\/blog\/?p=207","title":{"rendered":"\u00daj \u00e9v, \u00faj mint\u00e1k, \u00faj \u00f6tletek"},"content":{"rendered":"<p>V\u00e9letlen akadtam bele ebbe a mint\u00e1ba \u00e9s felt\u00e9tlen\u00fcl ki kellett pr\u00f3b\u00e1lnom!! Meg\u00e9rte&#8230;<\/p>\n<p><a href=\"http:\/\/www.quiltingstudio.hu\/blog\/wp-content\/uploads\/2008\/01\/rockrose.jpg\" target=\"_blank\"><img decoding=\"async\" loading=\"lazy\" style=\"border: 0pt none;\" src=\"http:\/\/www.quiltingstudio.hu\/blog\/wp-content\/uploads\/2008\/01\/rockrose.jpg\" alt=\"rockrose.jpg\" width=\"425\" height=\"258\" \/><\/a><\/p>\n<p>Ez egy &#8216;fringe&#8217; minta, azaz rojtos.<\/p>\n<p>Ez a technika t\u00f6bb szempontb\u00f3l is \u00e9rdekes, mint a k\u00e9pen is j\u00f3l kivehet\u0151, a vir\u00e1g \u00e1tl\u00e1tszik, teh\u00e1t csipke. A k\u00f6zepe a rojtos \u00e9s a sz\u00e9l\u00e9n a kis levelek pamut c\u00e9rn\u00e1b\u00f3l k\u00e9sz\u00fcltek \u00e9s k\u00fcl\u00f6n\u00e1ll\u00f3ak, de a vir\u00e1ggal egy\u00fctt r\u00e1h\u00edmeztem egy nagyobb darab pamut anyagra.<\/p>\n<p>Egy m\u00e1sik sz\u00f6gb\u0151l a k\u00f6vir\u00f3zs\u00e1m:<\/p>\n<p><a title=\"rockrose2.jpg\" href=\"http:\/\/www.quiltingstudio.hu\/blog\/wp-content\/uploads\/2008\/01\/rockrose2.jpg\" target=\"_blank\"><img decoding=\"async\" src=\"http:\/\/www.quiltingstudio.hu\/blog\/wp-content\/uploads\/2008\/01\/rockrose2.thumbnail.jpg\" alt=\"rockrose2.jpg\" \/><\/a><\/p>\n<p>H\u00e1t ki tud ennek ellen\u00e1llni?!<\/p>\n","protected":false},"excerpt":{"rendered":"<p>V\u00e9letlen akadtam bele ebbe a mint\u00e1ba \u00e9s felt\u00e9tlen\u00fcl ki kellett pr\u00f3b\u00e1lnom!! Meg\u00e9rte&#8230; Ez egy &#8216;fringe&#8217; minta, azaz rojtos. Ez a technika t\u00f6bb szempontb\u00f3l is \u00e9rdekes, mint a k\u00e9pen is j\u00f3l kivehet\u0151, a vir\u00e1g \u00e1tl\u00e1tszik, teh\u00e1t csipke. A k\u00f6zepe a rojtos \u00e9s a sz\u00e9l\u00e9n a kis levelek pamut c\u00e9rn\u00e1b\u00f3l k\u00e9sz\u00fcltek \u00e9s k\u00fcl\u00f6n\u00e1ll\u00f3ak, de a vir\u00e1ggal egy\u00fctt [&hellip;]<\/p>\n","protected":false},"author":1,"featured_media":0,"comment_status":"open","ping_status":"closed","sticky":false,"template":"","format":"standard","meta":[],"categories":[4],"tags":[],"aioseo_notices":[],"views":2106,"_links":{"self":[{"href":"http:\/\/www.quiltingstudio.hu\/blog\/index.php?rest_route=\/wp\/v2\/posts\/207"}],"collection":[{"href":"http:\/\/www.quiltingstudio.hu\/blog\/index.php?rest_route=\/wp\/v2\/posts"}],"about":[{"href":"http:\/\/www.quiltingstudio.hu\/blog\/index.php?rest_route=\/wp\/v2\/types\/post"}],"author":[{"embeddable":true,"href":"http:\/\/www.quiltingstudio.hu\/blog\/index.php?rest_route=\/wp\/v2\/users\/1"}],"replies":[{"embeddable":true,"href":"http:\/\/www.quiltingstudio.hu\/blog\/index.php?rest_route=%2Fwp%2Fv2%2Fcomments&post=207"}],"version-history":[{"count":0,"href":"http:\/\/www.quiltingstudio.hu\/blog\/index.php?rest_route=\/wp\/v2\/posts\/207\/revisions"}],"wp:attachment":[{"href":"http:\/\/www.quiltingstudio.hu\/blog\/index.php?rest_route=%2Fwp%2Fv2%2Fmedia&parent=207"}],"wp:term":[{"taxonomy":"category","embeddable":true,"href":"http:\/\/www.quiltingstudio.hu\/blog\/index.php?rest_route=%2Fwp%2Fv2%2Fcategories&post=207"},{"taxonomy":"post_tag","embeddable":true,"href":"http:\/\/www.quiltingstudio.hu\/blog\/index.php?rest_route=%2Fwp%2Fv2%2Ftags&post=207"}],"curies":[{"name":"wp","href":"https:\/\/api.w.org\/{rel}","templated":true}]}}