{"id":2079,"date":"2010-05-27T22:42:17","date_gmt":"2010-05-27T20:42:17","guid":{"rendered":"http:\/\/www.quiltingstudio.hu\/blog\/?p=2079"},"modified":"2010-05-27T22:42:17","modified_gmt":"2010-05-27T20:42:17","slug":"mit-csinal-vajon-nyaron","status":"publish","type":"post","link":"http:\/\/www.quiltingstudio.hu\/blog\/?p=2079","title":{"rendered":"Mit csin\u00e1l vajon ny\u00e1ron&#8230;?"},"content":{"rendered":"<div id=\"attachment_2080\" style=\"width: 310px\" class=\"wp-caption aligncenter\"><a href=\"http:\/\/www.quiltingstudio.hu\/blog\/wp-content\/uploads\/2010\/05\/hurra.jpg\"><img aria-describedby=\"caption-attachment-2080\" decoding=\"async\" loading=\"lazy\" class=\"size-medium wp-image-2080\" title=\"hurra\" src=\"http:\/\/www.quiltingstudio.hu\/blog\/wp-content\/uploads\/2010\/05\/hurra-300x270.jpg\" alt=\"Hurr\u00e1, nyaralunk!\" width=\"300\" height=\"270\" srcset=\"http:\/\/www.quiltingstudio.hu\/blog\/wp-content\/uploads\/2010\/05\/hurra-300x270.jpg 300w, http:\/\/www.quiltingstudio.hu\/blog\/wp-content\/uploads\/2010\/05\/hurra.jpg 799w\" sizes=\"(max-width: 300px) 100vw, 300px\" \/><\/a><p id=\"caption-attachment-2080\" class=\"wp-caption-text\">Hurr\u00e1, nyaralunk!<\/p><\/div>\n<p>Innen m\u00e9g hi\u00e1nyzik az \u00fcres zs\u00e1kja \u00e9s m\u00e1r\u00a0 a f\u00e9l\u00faton elhagyott csizm\u00e1ja. Ill. egy p\u00e1r p\u00e1lmafa vagy legal\u00e1bb egy lev\u00e9l! :o)))<\/p>\n<p>A k\u00e9pr\u0151l majd k\u00e9s\u0151bb m\u00e9g mes\u00e9lek.<\/p>\n","protected":false},"excerpt":{"rendered":"<p>Innen m\u00e9g hi\u00e1nyzik az \u00fcres zs\u00e1kja \u00e9s m\u00e1r\u00a0 a f\u00e9l\u00faton elhagyott csizm\u00e1ja. Ill. egy p\u00e1r p\u00e1lmafa vagy legal\u00e1bb egy lev\u00e9l! :o))) A k\u00e9pr\u0151l majd k\u00e9s\u0151bb m\u00e9g mes\u00e9lek.<\/p>\n","protected":false},"author":1,"featured_media":0,"comment_status":"open","ping_status":"closed","sticky":false,"template":"","format":"standard","meta":[],"categories":[4],"tags":[],"aioseo_notices":[],"views":1844,"_links":{"self":[{"href":"http:\/\/www.quiltingstudio.hu\/blog\/index.php?rest_route=\/wp\/v2\/posts\/2079"}],"collection":[{"href":"http:\/\/www.quiltingstudio.hu\/blog\/index.php?rest_route=\/wp\/v2\/posts"}],"about":[{"href":"http:\/\/www.quiltingstudio.hu\/blog\/index.php?rest_route=\/wp\/v2\/types\/post"}],"author":[{"embeddable":true,"href":"http:\/\/www.quiltingstudio.hu\/blog\/index.php?rest_route=\/wp\/v2\/users\/1"}],"replies":[{"embeddable":true,"href":"http:\/\/www.quiltingstudio.hu\/blog\/index.php?rest_route=%2Fwp%2Fv2%2Fcomments&post=2079"}],"version-history":[{"count":3,"href":"http:\/\/www.quiltingstudio.hu\/blog\/index.php?rest_route=\/wp\/v2\/posts\/2079\/revisions"}],"predecessor-version":[{"id":2083,"href":"http:\/\/www.quiltingstudio.hu\/blog\/index.php?rest_route=\/wp\/v2\/posts\/2079\/revisions\/2083"}],"wp:attachment":[{"href":"http:\/\/www.quiltingstudio.hu\/blog\/index.php?rest_route=%2Fwp%2Fv2%2Fmedia&parent=2079"}],"wp:term":[{"taxonomy":"category","embeddable":true,"href":"http:\/\/www.quiltingstudio.hu\/blog\/index.php?rest_route=%2Fwp%2Fv2%2Fcategories&post=2079"},{"taxonomy":"post_tag","embeddable":true,"href":"http:\/\/www.quiltingstudio.hu\/blog\/index.php?rest_route=%2Fwp%2Fv2%2Ftags&post=2079"}],"curies":[{"name":"wp","href":"https:\/\/api.w.org\/{rel}","templated":true}]}}