{"id":2097,"date":"2010-06-09T16:53:55","date_gmt":"2010-06-09T14:53:55","guid":{"rendered":"http:\/\/www.quiltingstudio.hu\/blog\/?p=2097"},"modified":"2010-06-09T16:53:55","modified_gmt":"2010-06-09T14:53:55","slug":"himzes-kezzel","status":"publish","type":"post","link":"http:\/\/www.quiltingstudio.hu\/blog\/?p=2097","title":{"rendered":"H\u00edmz\u00e9s k\u00e9zzel&#8230;"},"content":{"rendered":"<div id=\"attachment_2098\" style=\"width: 183px\" class=\"wp-caption aligncenter\"><a href=\"http:\/\/www.quiltingstudio.hu\/blog\/wp-content\/uploads\/2010\/06\/cernak.jpg\"><img aria-describedby=\"caption-attachment-2098\" decoding=\"async\" loading=\"lazy\" class=\"size-medium wp-image-2098\" title=\"cernak\" src=\"http:\/\/www.quiltingstudio.hu\/blog\/wp-content\/uploads\/2010\/06\/cernak-173x300.jpg\" alt=\"DMC h\u00edmz\u0151k\" width=\"173\" height=\"300\" srcset=\"http:\/\/www.quiltingstudio.hu\/blog\/wp-content\/uploads\/2010\/06\/cernak-173x300.jpg 173w, http:\/\/www.quiltingstudio.hu\/blog\/wp-content\/uploads\/2010\/06\/cernak-593x1024.jpg 593w, http:\/\/www.quiltingstudio.hu\/blog\/wp-content\/uploads\/2010\/06\/cernak.jpg 788w\" sizes=\"(max-width: 173px) 100vw, 173px\" \/><\/a><p id=\"caption-attachment-2098\" class=\"wp-caption-text\">DMC h\u00edmz\u0151k<\/p><\/div>\n<p>Olyan j\u00f3l n\u00e9z ki, -s\u0151t tal\u00e1n m\u00e9g jobban-, mint egy doboz bonbon. Csak ez nem hizlal!<\/p>\n<p><!--more--><\/p>\n<div id=\"attachment_2099\" style=\"width: 279px\" class=\"wp-caption aligncenter\"><a href=\"http:\/\/www.quiltingstudio.hu\/blog\/wp-content\/uploads\/2010\/06\/kisvarros.jpg\"><img aria-describedby=\"caption-attachment-2099\" decoding=\"async\" loading=\"lazy\" class=\"size-medium wp-image-2099\" title=\"kisvarros\" src=\"http:\/\/www.quiltingstudio.hu\/blog\/wp-content\/uploads\/2010\/06\/kisvarros-269x300.jpg\" alt=\"KIs varr\u00f3s klt\" width=\"269\" height=\"300\" srcset=\"http:\/\/www.quiltingstudio.hu\/blog\/wp-content\/uploads\/2010\/06\/kisvarros-269x300.jpg 269w, http:\/\/www.quiltingstudio.hu\/blog\/wp-content\/uploads\/2010\/06\/kisvarros.jpg 800w\" sizes=\"(max-width: 269px) 100vw, 269px\" \/><\/a><p id=\"caption-attachment-2099\" class=\"wp-caption-text\">Kis varr\u00f3s k\u00e9szlet<\/p><\/div>\n<p>T\u00f6bb okb\u00f3l k\u00e9sz\u00fclt:<\/p>\n<p>el\u0151sz\u00f6r &#8211; mert kor\u00e1bban m\u00e1r elk\u00e9sz\u00fcltek ilyen \u00e9s ehhez hasonl\u00f3 kis h\u00edmz\u00e9sek, \u00e9pp ideje volt felhaszn\u00e1lni.<\/p>\n<p>m\u00e1sodszor- mert \u00fajabban k\u00e9zzel is h\u00edmezgetek \u00e9s rend a lelke mindennek.<\/p>\n<div id=\"attachment_2100\" style=\"width: 174px\" class=\"wp-caption aligncenter\"><a href=\"http:\/\/www.quiltingstudio.hu\/blog\/wp-content\/uploads\/2010\/06\/nyitva.jpg\"><img aria-describedby=\"caption-attachment-2100\" decoding=\"async\" loading=\"lazy\" class=\"size-medium wp-image-2100\" title=\"nyitva\" src=\"http:\/\/www.quiltingstudio.hu\/blog\/wp-content\/uploads\/2010\/06\/nyitva-164x300.jpg\" alt=\"\u00d6nv\u00e9delmi varr\u00f3s \" width=\"164\" height=\"300\" srcset=\"http:\/\/www.quiltingstudio.hu\/blog\/wp-content\/uploads\/2010\/06\/nyitva-164x300.jpg 164w, http:\/\/www.quiltingstudio.hu\/blog\/wp-content\/uploads\/2010\/06\/nyitva-560x1024.jpg 560w, http:\/\/www.quiltingstudio.hu\/blog\/wp-content\/uploads\/2010\/06\/nyitva.jpg 800w\" sizes=\"(max-width: 164px) 100vw, 164px\" \/><\/a><p id=\"caption-attachment-2100\" class=\"wp-caption-text\">\u00d6nv\u00e9delmi varr\u00f3s <\/p><\/div>\n<p>T\u00e9nyleg csak a legfontosabb f\u00e9r bele, oll\u00f3, h\u00edmz\u0151fonalak, t\u0171&#8230;.<\/p>\n","protected":false},"excerpt":{"rendered":"<p>Olyan j\u00f3l n\u00e9z ki, -s\u0151t tal\u00e1n m\u00e9g jobban-, mint egy doboz bonbon. Csak ez nem hizlal!<\/p>\n","protected":false},"author":1,"featured_media":0,"comment_status":"open","ping_status":"closed","sticky":false,"template":"","format":"standard","meta":[],"categories":[3,4],"tags":[],"aioseo_notices":[],"views":3957,"_links":{"self":[{"href":"http:\/\/www.quiltingstudio.hu\/blog\/index.php?rest_route=\/wp\/v2\/posts\/2097"}],"collection":[{"href":"http:\/\/www.quiltingstudio.hu\/blog\/index.php?rest_route=\/wp\/v2\/posts"}],"about":[{"href":"http:\/\/www.quiltingstudio.hu\/blog\/index.php?rest_route=\/wp\/v2\/types\/post"}],"author":[{"embeddable":true,"href":"http:\/\/www.quiltingstudio.hu\/blog\/index.php?rest_route=\/wp\/v2\/users\/1"}],"replies":[{"embeddable":true,"href":"http:\/\/www.quiltingstudio.hu\/blog\/index.php?rest_route=%2Fwp%2Fv2%2Fcomments&post=2097"}],"version-history":[{"count":5,"href":"http:\/\/www.quiltingstudio.hu\/blog\/index.php?rest_route=\/wp\/v2\/posts\/2097\/revisions"}],"predecessor-version":[{"id":2105,"href":"http:\/\/www.quiltingstudio.hu\/blog\/index.php?rest_route=\/wp\/v2\/posts\/2097\/revisions\/2105"}],"wp:attachment":[{"href":"http:\/\/www.quiltingstudio.hu\/blog\/index.php?rest_route=%2Fwp%2Fv2%2Fmedia&parent=2097"}],"wp:term":[{"taxonomy":"category","embeddable":true,"href":"http:\/\/www.quiltingstudio.hu\/blog\/index.php?rest_route=%2Fwp%2Fv2%2Fcategories&post=2097"},{"taxonomy":"post_tag","embeddable":true,"href":"http:\/\/www.quiltingstudio.hu\/blog\/index.php?rest_route=%2Fwp%2Fv2%2Ftags&post=2097"}],"curies":[{"name":"wp","href":"https:\/\/api.w.org\/{rel}","templated":true}]}}