{"id":2199,"date":"2010-08-17T11:43:24","date_gmt":"2010-08-17T09:43:24","guid":{"rendered":"http:\/\/www.quiltingstudio.hu\/blog\/?p=2199"},"modified":"2010-08-17T11:43:24","modified_gmt":"2010-08-17T09:43:24","slug":"meg-mindig-a-horizon","status":"publish","type":"post","link":"http:\/\/www.quiltingstudio.hu\/blog\/?p=2199","title":{"rendered":"M\u00e9g mindig a Horizon&#8230;"},"content":{"rendered":"<p>&#8216;<em>K\u00f3stolgatjuk<\/em>&#8216; egym\u00e1st&#8230; sajnos id\u0151nk\u00e9nt m\u00e1st is kell csin\u00e1lnom, pedig elvarrogatn\u00e9k eg\u00e9sz nap.<\/p>\n<p><a href=\"http:\/\/www.quiltingstudio.hu\/blog\/wp-content\/uploads\/2010\/08\/2w7icrn.jpg\"><img decoding=\"async\" loading=\"lazy\" class=\"aligncenter size-full wp-image-2286\" title=\"2w7icrn\" src=\"http:\/\/www.quiltingstudio.hu\/blog\/wp-content\/uploads\/2010\/08\/2w7icrn.jpg\" alt=\"2w7icrn\" width=\"226\" height=\"197\" \/><\/a><\/p>\n<p>&#8211; Nagyon furcsa, -\u00e9s ezt csak most \u00e9rtettem meg igaz\u00e1n,- hogy Auroraval mennyire \u00f6sszeszoktunk.<\/p>\n<p>&#8211; M\u00e9g mindig a varr\u00f3g\u00e9pre kell figyelnem \u00e9s nem arra, amit varrok&#8230;id\u0151nk\u00e9nt keresgetem a gombokat.<\/p>\n<p>&#8211; Nagy az asztal\u00a0 (a hozz\u00e1adott akryl) \u00edgy messzebbre ker\u00fcltem a t\u0171t\u0151l&#8230; de sokkal k\u00f6nnyebb a t\u0171z\u00e9sn\u00e9l.<\/p>\n<p><!--more--><\/p>\n<p>&#8211; Szokatlan, hogy nagyon sz\u00e9pen lassan indul&#8230;, annak ellen\u00e9re, hogy nyomom a ped\u00e1lt teljes er\u0151mb\u0151l.(megszok\u00e1sb\u00f3l!) Azut\u00e1n meg \u00fagy megindul!!!<\/p>\n<p>&#8211; Nagyon tetszik a sz\u00e1lv\u00e1g\u00f3ja, mindig elv\u00e1gatom vele a c\u00e9rn\u00e1t, ha kell, ha nem! :o))) \u00cdgy pl. nem kell emelgetnem, hogy elv\u00e1gjam az als\u00f3 sz\u00e1lat. Ez nagyobb darabok eset\u00e9ben (takar\u00f3) nagyon nagyon praktikus!<\/p>\n<p>&#8211; Applik\u00e1ltam vele. Nagy seg\u00edts\u00e9g volt, hogy nagyon le lehet lass\u00edtani \u00e9s \u00edgy szinte l\u00e9p\u00e9sben (is) sz\u00e9pen csin\u00e1lja az \u00f6lt\u00e9seket&#8230;<\/p>\n<p>&#8211; Tal\u00e1ltam \u00faj fajta \u00f6lt\u00e9seket, tetszenek, azokkal j\u00e1tszom.<\/p>\n<p>&#8211; Nagy el\u0151nye, hogy nem gubancolja\u00a0 \u00f6ssze\u00a0 a c\u00e9rn\u00e1t h\u00e1tul! Indul\u00e1sn\u00e1l nem h\u00fazza vissza, ugyanis mikor elv\u00e1gja a sz\u00e1lat, akkor h\u00faz r\u00e1 m\u00e9g egy f\u00e9l fordulatot&#8230;<\/p>\n<p>&#8211; Ism\u00e9t r\u00e1j\u00f6ttem valamire! TUDOK\u00a0 a g\u00e9ppel STOPPOLNI! Csak eddig ezt nem pr\u00f3b\u00e1ltam. :o)))<\/p>\n<p>Megn\u00e9ztem, Auroran is van ilyen program (20.sz\u00e1m\u00fa) Csak a\u00a0 gomblyukvarr\u00f3talppal kell haszn\u00e1lni. Kipr\u00f3b\u00e1ltam, szuper volt!! Sajn\u00e1ltam, hogy elfogytak a szakadt nadr\u00e1gok&#8230;<\/p>\n<p>&#8211; Nekem \u00fagy t\u0171nik, hogy a talpnyom\u00e1s (persze \u00e1ll\u00edthat\u00f3) er\u0151sebb, mint a Bernin\u00e1n\u00e1l.<\/p>\n<p>Ja, azt nem mondtam, hogy ami\u00f3ta megvettem ezt, a m\u00e1sik masin\u00e1t el\u0151 sem vettem?! Ez t\u00e9ny, persze meg tudn\u00e1m magyar\u00e1zni, de \u00edgy alakult.<\/p>\n<p>M\u00e9g vannak s\u00f6t\u00e9t foltok, amit szeretn\u00e9k rajta megismerni, de h\u00e1t mindenhez id\u0151 kell!! Sok sok id\u0151!<\/p>\n<p>Eddig tetszik!<\/p>\n<p style=\"text-align: center;\"><a href=\"http:\/\/www.quiltingstudio.hu\/blog\/wp-content\/uploads\/2010\/08\/qltcl1p.gif\"><img decoding=\"async\" loading=\"lazy\" class=\"size-full wp-image-2290 aligncenter\" title=\"qltcl1p\" src=\"http:\/\/www.quiltingstudio.hu\/blog\/wp-content\/uploads\/2010\/08\/qltcl1p.gif\" alt=\"qltcl1p\" width=\"91\" height=\"170\" \/><\/a><\/p>\n","protected":false},"excerpt":{"rendered":"<p>&#8216;K\u00f3stolgatjuk&#8216; egym\u00e1st&#8230; sajnos id\u0151nk\u00e9nt m\u00e1st is kell csin\u00e1lnom, pedig elvarrogatn\u00e9k eg\u00e9sz nap. &#8211; Nagyon furcsa, -\u00e9s ezt csak most \u00e9rtettem meg igaz\u00e1n,- hogy Auroraval mennyire \u00f6sszeszoktunk. &#8211; M\u00e9g mindig a varr\u00f3g\u00e9pre kell figyelnem \u00e9s nem arra, amit varrok&#8230;id\u0151nk\u00e9nt keresgetem a gombokat. &#8211; Nagy az asztal\u00a0 (a hozz\u00e1adott akryl) \u00edgy messzebbre ker\u00fcltem a t\u0171t\u0151l&#8230; de sokkal [&hellip;]<\/p>\n","protected":false},"author":1,"featured_media":0,"comment_status":"open","ping_status":"closed","sticky":false,"template":"","format":"standard","meta":[],"categories":[3],"tags":[],"aioseo_notices":[],"views":2740,"_links":{"self":[{"href":"http:\/\/www.quiltingstudio.hu\/blog\/index.php?rest_route=\/wp\/v2\/posts\/2199"}],"collection":[{"href":"http:\/\/www.quiltingstudio.hu\/blog\/index.php?rest_route=\/wp\/v2\/posts"}],"about":[{"href":"http:\/\/www.quiltingstudio.hu\/blog\/index.php?rest_route=\/wp\/v2\/types\/post"}],"author":[{"embeddable":true,"href":"http:\/\/www.quiltingstudio.hu\/blog\/index.php?rest_route=\/wp\/v2\/users\/1"}],"replies":[{"embeddable":true,"href":"http:\/\/www.quiltingstudio.hu\/blog\/index.php?rest_route=%2Fwp%2Fv2%2Fcomments&post=2199"}],"version-history":[{"count":7,"href":"http:\/\/www.quiltingstudio.hu\/blog\/index.php?rest_route=\/wp\/v2\/posts\/2199\/revisions"}],"predecessor-version":[{"id":2293,"href":"http:\/\/www.quiltingstudio.hu\/blog\/index.php?rest_route=\/wp\/v2\/posts\/2199\/revisions\/2293"}],"wp:attachment":[{"href":"http:\/\/www.quiltingstudio.hu\/blog\/index.php?rest_route=%2Fwp%2Fv2%2Fmedia&parent=2199"}],"wp:term":[{"taxonomy":"category","embeddable":true,"href":"http:\/\/www.quiltingstudio.hu\/blog\/index.php?rest_route=%2Fwp%2Fv2%2Fcategories&post=2199"},{"taxonomy":"post_tag","embeddable":true,"href":"http:\/\/www.quiltingstudio.hu\/blog\/index.php?rest_route=%2Fwp%2Fv2%2Ftags&post=2199"}],"curies":[{"name":"wp","href":"https:\/\/api.w.org\/{rel}","templated":true}]}}