{"id":2206,"date":"2010-07-26T06:42:17","date_gmt":"2010-07-26T04:42:17","guid":{"rendered":"http:\/\/www.quiltingstudio.hu\/blog\/?p=2206"},"modified":"2010-07-26T06:42:17","modified_gmt":"2010-07-26T04:42:17","slug":"varrtam-is-vele","status":"publish","type":"post","link":"http:\/\/www.quiltingstudio.hu\/blog\/?p=2206","title":{"rendered":"Varrtam is vele&#8230;"},"content":{"rendered":"<p>A Janome f\u00f3rumon tal\u00e1ltam r\u00e1 Jane Spolar-ra (<a href=\"http:\/\/www.quiltpoetry.com\/\" target=\"_blank\">www.quiltpoetry.com<\/a>).<\/p>\n<p>Az \u00e1ltala megadott le\u00edr\u00e1s alapj\u00e1n pr\u00f3b\u00e1ltam elk\u00e9sz\u00edteni az \u00e9n kis vir\u00e1gomat.<\/p>\n<p><a href=\"http:\/\/www.quiltingstudio.hu\/blog\/wp-content\/uploads\/2010\/07\/js-virag1.jpg\"><img decoding=\"async\" loading=\"lazy\" class=\"aligncenter size-medium wp-image-2208\" title=\"js-virag1\" src=\"http:\/\/www.quiltingstudio.hu\/blog\/wp-content\/uploads\/2010\/07\/js-virag1-240x300.jpg\" alt=\"js-virag1\" width=\"240\" height=\"300\" srcset=\"http:\/\/www.quiltingstudio.hu\/blog\/wp-content\/uploads\/2010\/07\/js-virag1-240x300.jpg 240w, http:\/\/www.quiltingstudio.hu\/blog\/wp-content\/uploads\/2010\/07\/js-virag1.jpg 800w\" sizes=\"(max-width: 240px) 100vw, 240px\" \/><\/a><\/p>\n<p style=\"clear:both\">\n<p>Az els\u0151 dolgom volt egy kis applik\u00e1l\u00e1st kipr\u00f3b\u00e1lni evvel a masin\u00e1val.\u00a0 Alapban 14 f\u00e9le applik\u00e1l\u00f3 \u00f6lt\u00e9st tud. Persze, hogy tesztelgettem \u0151ket. A k\u00e9pen l\u00e1tszik tal\u00e1n, haszn\u00e1ltam ilyent is, olyant is. Term\u00e9szetesen az \u00f6lt\u00e9st\u00edpusokat lehet m\u00f3dos\u00edtani, t\u00fckr\u00f6zni is stb.<!--more--><\/p>\n<div id=\"attachment_2209\" style=\"width: 310px\" class=\"wp-caption aligncenter\"><a href=\"http:\/\/www.quiltingstudio.hu\/blog\/wp-content\/uploads\/2010\/07\/js-virag2.jpg\"><img aria-describedby=\"caption-attachment-2209\" decoding=\"async\" loading=\"lazy\" class=\"size-medium wp-image-2209\" title=\"js-virag2\" src=\"http:\/\/www.quiltingstudio.hu\/blog\/wp-content\/uploads\/2010\/07\/js-virag2-300x168.jpg\" alt=\"k\u00f6zeli a vir\u00e1gr\u00f3l\" width=\"300\" height=\"168\" srcset=\"http:\/\/www.quiltingstudio.hu\/blog\/wp-content\/uploads\/2010\/07\/js-virag2-300x168.jpg 300w, http:\/\/www.quiltingstudio.hu\/blog\/wp-content\/uploads\/2010\/07\/js-virag2.jpg 800w\" sizes=\"(max-width: 300px) 100vw, 300px\" \/><\/a><p id=\"caption-attachment-2209\" class=\"wp-caption-text\">k\u00f6zeli a vir\u00e1gr\u00f3l<\/p><\/div>\n<p>Nagyon sz\u00e9pen varrja a pelenka \u00f6lt\u00e9seket. Mivel l\u00e9p\u00e9sben lehet vele varrni, m\u00e1r csak id\u0151 k\u00e9rd\u00e9se mire egy ilyent k\u00f6rbevarrunk. Az eredeti le\u00edr\u00e1sban szerepelt mikor melyik talppal ill. milyen be\u00e1ll\u00edt\u00e1sokkal kellene varrni. Ez egy t\u00e1mpontot jelentett, de itt-ott elt\u00e9rtem t\u0151le.<\/p>\n<div id=\"attachment_2210\" style=\"width: 310px\" class=\"wp-caption aligncenter\"><a href=\"http:\/\/www.quiltingstudio.hu\/blog\/wp-content\/uploads\/2010\/07\/js-virag3.jpg\"><img aria-describedby=\"caption-attachment-2210\" decoding=\"async\" loading=\"lazy\" class=\"size-medium wp-image-2210\" title=\"js-virag3\" src=\"http:\/\/www.quiltingstudio.hu\/blog\/wp-content\/uploads\/2010\/07\/js-virag3-300x168.jpg\" alt=\"f\u00e9lk\u00e9sz lev\u00e9l\" width=\"300\" height=\"168\" srcset=\"http:\/\/www.quiltingstudio.hu\/blog\/wp-content\/uploads\/2010\/07\/js-virag3-300x168.jpg 300w, http:\/\/www.quiltingstudio.hu\/blog\/wp-content\/uploads\/2010\/07\/js-virag3.jpg 802w\" sizes=\"(max-width: 300px) 100vw, 300px\" \/><\/a><p id=\"caption-attachment-2210\" class=\"wp-caption-text\">f\u00e9lk\u00e9sz lev\u00e9l<\/p><\/div>\n<p>Term\u00e9szetesen azok az \u00f6lt\u00e9sfajt\u00e1k izgattak, ami nincs az Auroran, pl. ez&#8230;k\u00edv\u00fcl keskeny szat\u00e9n \u00f6lt\u00e9snek t\u0171nik, befel\u00e9 pedig a pelenka\u00f6lt\u00e9s. K\u00e9s\u0151bb a p\u00f6tty\u00f6ket is ugyanevvel varrtam, csak ford\u00edtva, kifel\u00e9 \u00e1lltak a sz\u00e1rak. Olyanok lettek, mint egy-egy napocska.<\/p>\n","protected":false},"excerpt":{"rendered":"<p>A Janome f\u00f3rumon tal\u00e1ltam r\u00e1 Jane Spolar-ra (www.quiltpoetry.com). Az \u00e1ltala megadott le\u00edr\u00e1s alapj\u00e1n pr\u00f3b\u00e1ltam elk\u00e9sz\u00edteni az \u00e9n kis vir\u00e1gomat. Az els\u0151 dolgom volt egy kis applik\u00e1l\u00e1st kipr\u00f3b\u00e1lni evvel a masin\u00e1val.\u00a0 Alapban 14 f\u00e9le applik\u00e1l\u00f3 \u00f6lt\u00e9st tud. Persze, hogy tesztelgettem \u0151ket. A k\u00e9pen l\u00e1tszik tal\u00e1n, haszn\u00e1ltam ilyent is, olyant is. Term\u00e9szetesen az \u00f6lt\u00e9st\u00edpusokat lehet m\u00f3dos\u00edtani, t\u00fckr\u00f6zni [&hellip;]<\/p>\n","protected":false},"author":1,"featured_media":0,"comment_status":"open","ping_status":"closed","sticky":false,"template":"","format":"standard","meta":[],"categories":[3],"tags":[],"aioseo_notices":[],"views":2042,"_links":{"self":[{"href":"http:\/\/www.quiltingstudio.hu\/blog\/index.php?rest_route=\/wp\/v2\/posts\/2206"}],"collection":[{"href":"http:\/\/www.quiltingstudio.hu\/blog\/index.php?rest_route=\/wp\/v2\/posts"}],"about":[{"href":"http:\/\/www.quiltingstudio.hu\/blog\/index.php?rest_route=\/wp\/v2\/types\/post"}],"author":[{"embeddable":true,"href":"http:\/\/www.quiltingstudio.hu\/blog\/index.php?rest_route=\/wp\/v2\/users\/1"}],"replies":[{"embeddable":true,"href":"http:\/\/www.quiltingstudio.hu\/blog\/index.php?rest_route=%2Fwp%2Fv2%2Fcomments&post=2206"}],"version-history":[{"count":5,"href":"http:\/\/www.quiltingstudio.hu\/blog\/index.php?rest_route=\/wp\/v2\/posts\/2206\/revisions"}],"predecessor-version":[{"id":2215,"href":"http:\/\/www.quiltingstudio.hu\/blog\/index.php?rest_route=\/wp\/v2\/posts\/2206\/revisions\/2215"}],"wp:attachment":[{"href":"http:\/\/www.quiltingstudio.hu\/blog\/index.php?rest_route=%2Fwp%2Fv2%2Fmedia&parent=2206"}],"wp:term":[{"taxonomy":"category","embeddable":true,"href":"http:\/\/www.quiltingstudio.hu\/blog\/index.php?rest_route=%2Fwp%2Fv2%2Fcategories&post=2206"},{"taxonomy":"post_tag","embeddable":true,"href":"http:\/\/www.quiltingstudio.hu\/blog\/index.php?rest_route=%2Fwp%2Fv2%2Ftags&post=2206"}],"curies":[{"name":"wp","href":"https:\/\/api.w.org\/{rel}","templated":true}]}}