{"id":2217,"date":"2010-07-26T06:55:46","date_gmt":"2010-07-26T04:55:46","guid":{"rendered":"http:\/\/www.quiltingstudio.hu\/blog\/?p=2217"},"modified":"2010-07-26T06:55:46","modified_gmt":"2010-07-26T04:55:46","slug":"ufode-ez-most-mar-igy-is-marad","status":"publish","type":"post","link":"http:\/\/www.quiltingstudio.hu\/blog\/?p=2217","title":{"rendered":"UFO&#8230;de ez most m\u00e1r \u00edgy is marad!"},"content":{"rendered":"<div id=\"attachment_2216\" style=\"width: 310px\" class=\"wp-caption aligncenter\"><a href=\"http:\/\/www.quiltingstudio.hu\/blog\/wp-content\/uploads\/2010\/07\/terito.jpg\"><img aria-describedby=\"caption-attachment-2216\" decoding=\"async\" loading=\"lazy\" class=\"size-medium wp-image-2216\" title=\"terito\" src=\"http:\/\/www.quiltingstudio.hu\/blog\/wp-content\/uploads\/2010\/07\/terito-300x182.jpg\" alt=\"Mondjuk, hogy elk\u00e9sz\u00fclt\" width=\"300\" height=\"182\" srcset=\"http:\/\/www.quiltingstudio.hu\/blog\/wp-content\/uploads\/2010\/07\/terito-300x182.jpg 300w, http:\/\/www.quiltingstudio.hu\/blog\/wp-content\/uploads\/2010\/07\/terito.jpg 801w\" sizes=\"(max-width: 300px) 100vw, 300px\" \/><\/a><p id=\"caption-attachment-2216\" class=\"wp-caption-text\">Mondjuk, hogy elk\u00e9sz\u00fclt<\/p><\/div>\n<p>V\u00e9gre siker\u00fclt befejezni, vagy ink\u00e1bb csak abbahagytam?! <!--more--><\/p>\n<p>M\u00e9g a tavasszal h\u00edmeztem, mert megtetszett a minta. Az\u00e9rt t\u0171nt izgalmasnak, mert viszonylag nagy minta, 2 darabb\u00f3l kellett \u00f6sszeilleszteni.<\/p>\n<div id=\"attachment_2218\" style=\"width: 310px\" class=\"wp-caption aligncenter\"><a href=\"http:\/\/www.quiltingstudio.hu\/blog\/wp-content\/uploads\/2010\/07\/terito-kozeli.jpg\"><img aria-describedby=\"caption-attachment-2218\" decoding=\"async\" loading=\"lazy\" class=\"size-medium wp-image-2218\" title=\"terito-kozeli\" src=\"http:\/\/www.quiltingstudio.hu\/blog\/wp-content\/uploads\/2010\/07\/terito-kozeli-300x168.jpg\" alt=\"A vir\u00e1g az \u00e1ltalam v\u00e1lasztott sz\u00ednekben\" width=\"300\" height=\"168\" srcset=\"http:\/\/www.quiltingstudio.hu\/blog\/wp-content\/uploads\/2010\/07\/terito-kozeli-300x168.jpg 300w, http:\/\/www.quiltingstudio.hu\/blog\/wp-content\/uploads\/2010\/07\/terito-kozeli.jpg 800w\" sizes=\"(max-width: 300px) 100vw, 300px\" \/><\/a><p id=\"caption-attachment-2218\" class=\"wp-caption-text\">A vir\u00e1g az \u00e1ltalam v\u00e1lasztott sz\u00ednekben<\/p><\/div>\n<p>H\u00e1t ezt is meg kell tanulni. Azt\u00e1n, hogy ne csak egy legyen a sok h\u00edmzett, befejezetlen\u00a0 darabb\u00f3l, \u00fagy d\u00f6nt\u00f6ttem, k\u00e9sz\u00edtek bel\u0151le egy ter\u00edt\u0151t. Na, ez eltartott egy darabig, valami mindig fontosabb volt. Azt\u00e1n j\u00f6tt az \u00faj g\u00e9p \u00e9s gondoltam remek lehet\u0151s\u00e9g ezen kipr\u00f3b\u00e1lni. Na szeg\u00e9ny, olyan is lett, hib\u00e1k itt-ott. De nem baj, ezeket csak \u00e9n tudom, annyira nem felt\u0171n\u0151ek.<\/p>\n","protected":false},"excerpt":{"rendered":"<p>V\u00e9gre siker\u00fclt befejezni, vagy ink\u00e1bb csak abbahagytam?!<\/p>\n","protected":false},"author":1,"featured_media":0,"comment_status":"open","ping_status":"closed","sticky":false,"template":"","format":"standard","meta":[],"categories":[3,4],"tags":[],"aioseo_notices":[],"views":2156,"_links":{"self":[{"href":"http:\/\/www.quiltingstudio.hu\/blog\/index.php?rest_route=\/wp\/v2\/posts\/2217"}],"collection":[{"href":"http:\/\/www.quiltingstudio.hu\/blog\/index.php?rest_route=\/wp\/v2\/posts"}],"about":[{"href":"http:\/\/www.quiltingstudio.hu\/blog\/index.php?rest_route=\/wp\/v2\/types\/post"}],"author":[{"embeddable":true,"href":"http:\/\/www.quiltingstudio.hu\/blog\/index.php?rest_route=\/wp\/v2\/users\/1"}],"replies":[{"embeddable":true,"href":"http:\/\/www.quiltingstudio.hu\/blog\/index.php?rest_route=%2Fwp%2Fv2%2Fcomments&post=2217"}],"version-history":[{"count":6,"href":"http:\/\/www.quiltingstudio.hu\/blog\/index.php?rest_route=\/wp\/v2\/posts\/2217\/revisions"}],"predecessor-version":[{"id":2224,"href":"http:\/\/www.quiltingstudio.hu\/blog\/index.php?rest_route=\/wp\/v2\/posts\/2217\/revisions\/2224"}],"wp:attachment":[{"href":"http:\/\/www.quiltingstudio.hu\/blog\/index.php?rest_route=%2Fwp%2Fv2%2Fmedia&parent=2217"}],"wp:term":[{"taxonomy":"category","embeddable":true,"href":"http:\/\/www.quiltingstudio.hu\/blog\/index.php?rest_route=%2Fwp%2Fv2%2Fcategories&post=2217"},{"taxonomy":"post_tag","embeddable":true,"href":"http:\/\/www.quiltingstudio.hu\/blog\/index.php?rest_route=%2Fwp%2Fv2%2Ftags&post=2217"}],"curies":[{"name":"wp","href":"https:\/\/api.w.org\/{rel}","templated":true}]}}