{"id":2233,"date":"2010-07-26T07:24:00","date_gmt":"2010-07-26T05:24:00","guid":{"rendered":"http:\/\/www.quiltingstudio.hu\/blog\/?p=2233"},"modified":"2010-07-26T07:24:00","modified_gmt":"2010-07-26T05:24:00","slug":"kedvenc-technikammal","status":"publish","type":"post","link":"http:\/\/www.quiltingstudio.hu\/blog\/?p=2233","title":{"rendered":"Kedvenc technik\u00e1mmal &#8230;"},"content":{"rendered":"<p>Mi lenne m\u00e1s, mint a ragaszt\u00f3s applik\u00e1ci\u00f3 (fusible appliqu\u00e9):<\/p>\n<div id=\"attachment_2234\" style=\"width: 163px\" class=\"wp-caption aligncenter\"><a href=\"http:\/\/www.quiltingstudio.hu\/blog\/wp-content\/uploads\/2010\/07\/fusible.jpg\"><img aria-describedby=\"caption-attachment-2234\" decoding=\"async\" loading=\"lazy\" class=\"size-medium wp-image-2234\" title=\"fusible\" src=\"http:\/\/www.quiltingstudio.hu\/blog\/wp-content\/uploads\/2010\/07\/fusible-153x300.jpg\" alt=\"vonalz\u00f3 n\u00e9lk\u00fcl\" width=\"153\" height=\"300\" srcset=\"http:\/\/www.quiltingstudio.hu\/blog\/wp-content\/uploads\/2010\/07\/fusible-153x300.jpg 153w, http:\/\/www.quiltingstudio.hu\/blog\/wp-content\/uploads\/2010\/07\/fusible.jpg 410w\" sizes=\"(max-width: 153px) 100vw, 153px\" \/><\/a><p id=\"caption-attachment-2234\" class=\"wp-caption-text\">vonalz\u00f3 n\u00e9lk\u00fcl<\/p><\/div>\n<p>Ennek a k\u00e9pnek a folytat\u00e1sa: (\u00e9n megmondtam :o)))<!--more--><\/p>\n<p><a href=\"http:\/\/www.quiltingstudio.hu\/blog\/wp-content\/uploads\/2010\/07\/szafarin.jpg\"><img decoding=\"async\" loading=\"lazy\" class=\"aligncenter size-medium wp-image-2235\" title=\"szafarin\" src=\"http:\/\/www.quiltingstudio.hu\/blog\/wp-content\/uploads\/2010\/07\/szafarin-300x271.jpg\" alt=\"szafarin\" width=\"300\" height=\"271\" srcset=\"http:\/\/www.quiltingstudio.hu\/blog\/wp-content\/uploads\/2010\/07\/szafarin-300x271.jpg 300w, http:\/\/www.quiltingstudio.hu\/blog\/wp-content\/uploads\/2010\/07\/szafarin.jpg 799w\" sizes=\"(max-width: 300px) 100vw, 300px\" \/><\/a><\/p>\n<p>De a l\u00e9nyege ugyanaz: szabadon vonalz\u00f3 n\u00e9lk\u00fcl szabni, ragasztani, az utols\u00f3 apr\u00f3 darabka is felhaszn\u00e1lhat\u00f3.<\/p>\n<p>Nagyon izgalmas technika, \u00e9lvezem!<\/p>\n<p>\u00dajabban, valahogy minden k\u00e9pembe beleker\u00fcl egy kis fekete-feh\u00e9r cs\u00edkos anyag, de mi\u00e9rt?! Ki \u00e9rti ezt?!<\/p>\n","protected":false},"excerpt":{"rendered":"<p>Mi lenne m\u00e1s, mint a ragaszt\u00f3s applik\u00e1ci\u00f3 (fusible appliqu\u00e9): Ennek a k\u00e9pnek a folytat\u00e1sa: (\u00e9n megmondtam :o)))<\/p>\n","protected":false},"author":1,"featured_media":0,"comment_status":"open","ping_status":"closed","sticky":false,"template":"","format":"standard","meta":[],"categories":[3],"tags":[],"aioseo_notices":[],"views":2357,"_links":{"self":[{"href":"http:\/\/www.quiltingstudio.hu\/blog\/index.php?rest_route=\/wp\/v2\/posts\/2233"}],"collection":[{"href":"http:\/\/www.quiltingstudio.hu\/blog\/index.php?rest_route=\/wp\/v2\/posts"}],"about":[{"href":"http:\/\/www.quiltingstudio.hu\/blog\/index.php?rest_route=\/wp\/v2\/types\/post"}],"author":[{"embeddable":true,"href":"http:\/\/www.quiltingstudio.hu\/blog\/index.php?rest_route=\/wp\/v2\/users\/1"}],"replies":[{"embeddable":true,"href":"http:\/\/www.quiltingstudio.hu\/blog\/index.php?rest_route=%2Fwp%2Fv2%2Fcomments&post=2233"}],"version-history":[{"count":3,"href":"http:\/\/www.quiltingstudio.hu\/blog\/index.php?rest_route=\/wp\/v2\/posts\/2233\/revisions"}],"predecessor-version":[{"id":2238,"href":"http:\/\/www.quiltingstudio.hu\/blog\/index.php?rest_route=\/wp\/v2\/posts\/2233\/revisions\/2238"}],"wp:attachment":[{"href":"http:\/\/www.quiltingstudio.hu\/blog\/index.php?rest_route=%2Fwp%2Fv2%2Fmedia&parent=2233"}],"wp:term":[{"taxonomy":"category","embeddable":true,"href":"http:\/\/www.quiltingstudio.hu\/blog\/index.php?rest_route=%2Fwp%2Fv2%2Fcategories&post=2233"},{"taxonomy":"post_tag","embeddable":true,"href":"http:\/\/www.quiltingstudio.hu\/blog\/index.php?rest_route=%2Fwp%2Fv2%2Ftags&post=2233"}],"curies":[{"name":"wp","href":"https:\/\/api.w.org\/{rel}","templated":true}]}}