{"id":2263,"date":"2010-08-17T10:49:18","date_gmt":"2010-08-17T08:49:18","guid":{"rendered":"http:\/\/www.quiltingstudio.hu\/blog\/?p=2263"},"modified":"2010-08-17T10:49:18","modified_gmt":"2010-08-17T08:49:18","slug":"golgotavirag","status":"publish","type":"post","link":"http:\/\/www.quiltingstudio.hu\/blog\/?p=2263","title":{"rendered":"Golgotavir\u00e1g&#8230;"},"content":{"rendered":"<div class=\"mceTemp mceIEcenter\"><\/div>\n<div id=\"attachment_2264\" style=\"width: 234px\" class=\"wp-caption aligncenter\"><a href=\"http:\/\/www.quiltingstudio.hu\/blog\/wp-content\/uploads\/2010\/08\/golgota.jpg\"><\/a><\/p>\n<div class=\"mceTemp mceIEcenter\">\n<dl id=\"attachment_2272\" class=\"wp-caption aligncenter\" style=\"width: 234px;\">\n<dt class=\"wp-caption-dt\"><a href=\"http:\/\/www.quiltingstudio.hu\/blog\/wp-content\/uploads\/2010\/08\/gologta2.jpg\"><img aria-describedby=\"caption-attachment-2264\" decoding=\"async\" loading=\"lazy\" class=\"size-medium wp-image-2272\" title=\"gologta2\" src=\"http:\/\/www.quiltingstudio.hu\/blog\/wp-content\/uploads\/2010\/08\/gologta2-224x300.jpg\" alt=\"xxx\" width=\"224\" height=\"300\" srcset=\"http:\/\/www.quiltingstudio.hu\/blog\/wp-content\/uploads\/2010\/08\/gologta2-224x300.jpg 224w, http:\/\/www.quiltingstudio.hu\/blog\/wp-content\/uploads\/2010\/08\/gologta2-767x1024.jpg 767w, http:\/\/www.quiltingstudio.hu\/blog\/wp-content\/uploads\/2010\/08\/gologta2.jpg 803w\" sizes=\"(max-width: 224px) 100vw, 224px\" \/><\/a><\/dt>\n<\/dl>\n<\/div>\n<p>Vagy m\u00e1s n\u00e9ven Passiflora.<\/p>\n<p style=\"text-align: center;\"><a href=\"http:\/\/www.quiltingstudio.hu\/blog\/wp-content\/uploads\/2010\/08\/golgota.jpg\"><img aria-describedby=\"caption-attachment-2264\" decoding=\"async\" loading=\"lazy\" class=\"size-medium wp-image-2264 \" title=\"golgota\" src=\"http:\/\/www.quiltingstudio.hu\/blog\/wp-content\/uploads\/2010\/08\/golgota-300x225.jpg\" alt=\"Golgota vir\u00e1g\" width=\"300\" height=\"225\" srcset=\"http:\/\/www.quiltingstudio.hu\/blog\/wp-content\/uploads\/2010\/08\/golgota-300x225.jpg 300w, http:\/\/www.quiltingstudio.hu\/blog\/wp-content\/uploads\/2010\/08\/golgota.jpg 801w\" sizes=\"(max-width: 300px) 100vw, 300px\" \/><\/a><\/p>\n<p><p id=\"caption-attachment-2264\" class=\"wp-caption-text\">Golgota vir\u00e1g<\/p><\/div>\n<p>Ez az egy \u00e9ve nevelgetett, p\u00e1tyolgatott n\u00f6v\u00e9nyk\u00e9nk v\u00e9gre kinyitotta a vir\u00e1gait.<\/p>\n<p>Ezt tudt\u00e1tok? \u00a0\u00a0 Id\u00e9zet a wikipediab\u00f3l: <!--more--><\/p>\n<h2><span id=\"Nev.C3.A9nek_eredete\" class=\"mw-headline\">&#8222;Nev\u00e9nek eredete<\/span><\/h2>\n<p>A \u201egolgotavir\u00e1g\u201d n\u00e9v a latin <em>Passiflora<\/em> elnevez\u00e9s ford\u00edt\u00e1sa. A latin n\u00e9v a<span style=\"color: #000000;\"> 17. sz\u00e1zad <\/span>elej\u00e9r\u0151l ered (\u201epassio\u201d = szenved\u00e9s, \u201eflor\u201d = vir\u00e1g). <span class=\"new\">Jacomo Bosio<\/span> szerzetestan\u00edtv\u00e1ny \u00e9s m\u0171v\u00e9sz \u00e1ll\u00edtotta p\u00e1rhuzamba J\u00e9zus Krisztus szenved\u00e9st\u00f6rt\u00e9net\u00e9t <em>(Passi\u00f3<\/em> vagy <em><span style=\"color: #000000;\">Golgota<\/span>)<\/em> \u00e9s a kor\u00e1bban alig l\u00e1that\u00f3 bimb\u00f3b\u00f3l a reggeli \u00f3r\u00e1kban kiboml\u00f3, majd gyorsan elhervad\u00f3 vir\u00e1got. K\u00e9s\u0151bbi szerz\u0151k, \u00edgy a jezsuita <span class=\"new\">J. B. <\/span><span class=\"new\">Ferrari<\/span> szerint Krisztus kereszt\u00fatj\u00e1t a vir\u00e1g egyes r\u00e9szei szimboliz\u00e1lj\u00e1k:<\/p>\n<ul>\n<li>a h\u00e1rom bibesz\u00e1l a h\u00e1rom sz\u00f6g, amikkel J\u00e9zust a kereszthez szegezt\u00e9k;<\/li>\n<li>a bibe az ecettel \u00e1titatott szivacs;<\/li>\n<li>a nyeles magh\u00e1z a kehely, amit ki kellett innia;<\/li>\n<li>az \u00f6t portok az \u00f6t sebhely;<\/li>\n<li>a 72 sz\u00e1lb\u00f3l \u00e1ll\u00f3 sug\u00e1rkoszor\u00fa a t\u00f6viskoszor\u00fa 72 t\u00f6vise;<\/li>\n<li>a h\u00e1rmasan szeldelt lomblev\u00e9l a l\u00e1ndzsa hegye;<\/li>\n<li>a kacs a korb\u00e1cs.<\/li>\n<\/ul>\n<p>Ebben a szimbolik\u00e1ban a feh\u00e9r sz\u00edn (a <em>Passiflora incarnata<\/em> sug\u00e1rkoszor\u00fat alkot\u00f3 sz\u00e1laiban) J\u00e9zus Krisztus \u00e1rtatlans\u00e1g\u00e1t jelk\u00e9pezi. M\u00e1s \u00e9rtelmez\u00e9s szerint a sug\u00e1rkoszor\u00fa a dicsf\u00e9nyt, egy\u00e9b fajok \u00f6tsz\u00f6r\u00f6sen \u00f6sszetett levele az ellens\u00e9g kez\u00e9t, a t\u00edz sziromlev\u00e9l pedig a t\u00edz apostolt (<span class=\"mw-redirect\">P\u00e9tert<\/span> \u00e9s J\u00fad\u00e1st nem sz\u00e1m\u00edtva), a k\u00f6z\u00e9ps\u0151 oszlop pedig J\u00e9zus keresztj\u00e9t jelen\u00edti meg. \u00c9ppen ez\u00e9rt azt tartott\u00e1k r\u00f3la, hogy a d\u00e9l-amerikai indi\u00e1nok megt\u00e9r\u00edt\u00e9s\u00e9re szolg\u00e1l.&#8221;<\/p>\n","protected":false},"excerpt":{"rendered":"<p>Ez az egy \u00e9ve nevelgetett, p\u00e1tyolgatott n\u00f6v\u00e9nyk\u00e9nk v\u00e9gre kinyitotta a vir\u00e1gait. Ezt tudt\u00e1tok? \u00a0\u00a0 Id\u00e9zet a wikipediab\u00f3l:<\/p>\n","protected":false},"author":1,"featured_media":0,"comment_status":"open","ping_status":"closed","sticky":false,"template":"","format":"standard","meta":[],"categories":[8],"tags":[],"aioseo_notices":[],"views":3917,"_links":{"self":[{"href":"http:\/\/www.quiltingstudio.hu\/blog\/index.php?rest_route=\/wp\/v2\/posts\/2263"}],"collection":[{"href":"http:\/\/www.quiltingstudio.hu\/blog\/index.php?rest_route=\/wp\/v2\/posts"}],"about":[{"href":"http:\/\/www.quiltingstudio.hu\/blog\/index.php?rest_route=\/wp\/v2\/types\/post"}],"author":[{"embeddable":true,"href":"http:\/\/www.quiltingstudio.hu\/blog\/index.php?rest_route=\/wp\/v2\/users\/1"}],"replies":[{"embeddable":true,"href":"http:\/\/www.quiltingstudio.hu\/blog\/index.php?rest_route=%2Fwp%2Fv2%2Fcomments&post=2263"}],"version-history":[{"count":9,"href":"http:\/\/www.quiltingstudio.hu\/blog\/index.php?rest_route=\/wp\/v2\/posts\/2263\/revisions"}],"predecessor-version":[{"id":2280,"href":"http:\/\/www.quiltingstudio.hu\/blog\/index.php?rest_route=\/wp\/v2\/posts\/2263\/revisions\/2280"}],"wp:attachment":[{"href":"http:\/\/www.quiltingstudio.hu\/blog\/index.php?rest_route=%2Fwp%2Fv2%2Fmedia&parent=2263"}],"wp:term":[{"taxonomy":"category","embeddable":true,"href":"http:\/\/www.quiltingstudio.hu\/blog\/index.php?rest_route=%2Fwp%2Fv2%2Fcategories&post=2263"},{"taxonomy":"post_tag","embeddable":true,"href":"http:\/\/www.quiltingstudio.hu\/blog\/index.php?rest_route=%2Fwp%2Fv2%2Ftags&post=2263"}],"curies":[{"name":"wp","href":"https:\/\/api.w.org\/{rel}","templated":true}]}}