{"id":2266,"date":"2010-08-17T11:10:32","date_gmt":"2010-08-17T09:10:32","guid":{"rendered":"http:\/\/www.quiltingstudio.hu\/blog\/?p=2266"},"modified":"2010-08-17T11:10:32","modified_gmt":"2010-08-17T09:10:32","slug":"veszprem-maskent","status":"publish","type":"post","link":"http:\/\/www.quiltingstudio.hu\/blog\/?p=2266","title":{"rendered":"Veszpr\u00e9m m\u00e1sk\u00e9nt&#8230;"},"content":{"rendered":"<div class=\"mceTemp mceIEcenter\"><\/div>\n<div id=\"attachment_2267\" style=\"width: 252px\" class=\"wp-caption aligncenter\"><a href=\"http:\/\/www.quiltingstudio.hu\/blog\/wp-content\/uploads\/2010\/08\/vp20.jpg\"><img aria-describedby=\"caption-attachment-2267\" decoding=\"async\" loading=\"lazy\" class=\"size-medium wp-image-2267\" title=\"vp20\" src=\"http:\/\/www.quiltingstudio.hu\/blog\/wp-content\/uploads\/2010\/08\/vp20-242x300.jpg\" alt=\"A huszas\" width=\"242\" height=\"300\" srcset=\"http:\/\/www.quiltingstudio.hu\/blog\/wp-content\/uploads\/2010\/08\/vp20-242x300.jpg 242w, http:\/\/www.quiltingstudio.hu\/blog\/wp-content\/uploads\/2010\/08\/vp20.jpg 577w\" sizes=\"(max-width: 242px) 100vw, 242px\" \/><\/a><p id=\"caption-attachment-2267\" class=\"wp-caption-text\">A h\u00faszemeletes<\/p><\/div>\n<p>Az id\u00e9n egyre t\u00f6bb id\u0151t siker\u00fclt ker\u00e9kp\u00e1roz\u00e1ssal t\u00f6lten\u00fcnk. Meglep\u0151 m\u00f3don olyan helyeket is siker\u00fclt \u00edgy bej\u00e1rnunk, ahova egy\u00e9bk\u00e9nt nem jutottunk volna el. Mert pl. mi a csod\u00e1t kerest\u00fcnk volna ott&#8230;<\/p>\n<p>Ennek a k\u00e9pnek az \u00e9rdekess\u00e9ge, hogy nem a megszokott helyr\u0151l k\u00e9sz\u00fclt. \u00c1ltal\u00e1ban a belv\u00e1rosb\u00f3l szokt\u00e1k lef\u00e9nyk\u00e9pezni a v\u00e1ros egyik &#8222;nevezetess\u00e9g\u00e9t&#8221; a h\u00faszemeletest.<\/p>\n<p><!--more--><\/p>\n<div id=\"attachment_2268\" style=\"width: 310px\" class=\"wp-caption aligncenter\"><a href=\"http:\/\/www.quiltingstudio.hu\/blog\/wp-content\/uploads\/2010\/08\/jutas.jpg\"><img aria-describedby=\"caption-attachment-2268\" decoding=\"async\" loading=\"lazy\" class=\"size-medium wp-image-2268\" title=\"jutas\" src=\"http:\/\/www.quiltingstudio.hu\/blog\/wp-content\/uploads\/2010\/08\/jutas-300x168.jpg\" alt=\"VP l\u00e1tk\u00e9pe\" width=\"300\" height=\"168\" srcset=\"http:\/\/www.quiltingstudio.hu\/blog\/wp-content\/uploads\/2010\/08\/jutas-300x168.jpg 300w, http:\/\/www.quiltingstudio.hu\/blog\/wp-content\/uploads\/2010\/08\/jutas.jpg 802w\" sizes=\"(max-width: 300px) 100vw, 300px\" \/><\/a><p id=\"caption-attachment-2268\" class=\"wp-caption-text\">A t\u00e1volban Veszpr\u00e9m  l\u00e1tk\u00e9pe<\/p><\/div>\n<p>Ami\u00f3ta az \u00faj biciklim megvan, m\u00e1r lassan el\u00e9rem az 500km-t. Nagyr\u00e9szt itt a k\u00f6rny\u00e9kben siker\u00fclt beletekerni. Persze a f\u00e9nyk\u00e9pez\u0151t nem mindig siker\u00fcl elvinni magunkkal, pedig m\u00e1r olyan sok \u00e9rdekeset, izgalmasat \u00e9s sz\u00e9pet l\u00e1ttunk. MIND MIND itt a k\u00f6rny\u00e9ken.<\/p>\n<p>Mi lenne, ha kicsit t\u00e1volabb is menn\u00e9nk?! A fenti k\u00e9p pedig szint\u00e9n a v\u00e1roshoz tartoz\u00f3 Jutasr\u00f3l k\u00e9sz\u00fclt. <em>(Veszpr\u00e9mben\u00a0 lakom m\u00e1r t\u00f6bb, mint 23 \u00e9ve, de eddig m\u00e9g sohasem j\u00e1rtam itt)<\/em><\/p>\n<div id=\"attachment_2269\" style=\"width: 310px\" class=\"wp-caption aligncenter\"><a href=\"http:\/\/www.quiltingstudio.hu\/blog\/wp-content\/uploads\/2010\/08\/menet-kozben.jpg\"><img aria-describedby=\"caption-attachment-2269\" decoding=\"async\" loading=\"lazy\" class=\"size-medium wp-image-2269\" title=\"menet-kozben\" src=\"http:\/\/www.quiltingstudio.hu\/blog\/wp-content\/uploads\/2010\/08\/menet-kozben-300x199.jpg\" alt=\"pihen\u0151\" width=\"300\" height=\"199\" srcset=\"http:\/\/www.quiltingstudio.hu\/blog\/wp-content\/uploads\/2010\/08\/menet-kozben-300x199.jpg 300w, http:\/\/www.quiltingstudio.hu\/blog\/wp-content\/uploads\/2010\/08\/menet-kozben.jpg 803w\" sizes=\"(max-width: 300px) 100vw, 300px\" \/><\/a><p id=\"caption-attachment-2269\" class=\"wp-caption-text\">Pihen\u0151<\/p><\/div>\n<p>Ez\u00e9rt d\u00f6nt\u00f6ttem \u00fagy, hogy l\u00e9trehozok egy \u00faj kateg\u00f3ri\u00e1t &#8222;<em><strong>K\u00c9T KER\u00c9KEN<\/strong><\/em>&#8221; c\u00edmmel \u00e9s ide gy\u0171jt\u00f6m az ilyen ill. ehhez hasonl\u00f3 kis kir\u00e1ndul\u00e1sainkon k\u00e9sz\u00fclt k\u00e9peket ill. le\u00edr\u00e1sokat.<\/p>\n<p>Nem nagy t\u00far\u00e1k ezek, sokszor munka ut\u00e1n d\u00e9lut\u00e1n indulunk neki. Id\u0151nk\u00e9nt alig \u00e9rik el a 10 km-t. Van mikor sokkal t\u00f6bbet is siker\u00fcl letekerni, pl. ha legurulunk a Balaton partra. De van, hogy csak id\u0151ben sok, pl. a csat\u00e1ri kil\u00e1t\u00f3hoz tett kis kir\u00e1ndul\u00e1sunk t\u00f6bb, mint 2 \u00f3r\u00e1sra siker\u00fclt. Err\u0151l majd k\u00e9s\u0151bb \u00edrok.<\/p>\n","protected":false},"excerpt":{"rendered":"<p>Az id\u00e9n egyre t\u00f6bb id\u0151t siker\u00fclt ker\u00e9kp\u00e1roz\u00e1ssal t\u00f6lten\u00fcnk. Meglep\u0151 m\u00f3don olyan helyeket is siker\u00fclt \u00edgy bej\u00e1rnunk, ahova egy\u00e9bk\u00e9nt nem jutottunk volna el. Mert pl. mi a csod\u00e1t kerest\u00fcnk volna ott&#8230; Ennek a k\u00e9pnek az \u00e9rdekess\u00e9ge, hogy nem a megszokott helyr\u0151l k\u00e9sz\u00fclt. \u00c1ltal\u00e1ban a belv\u00e1rosb\u00f3l szokt\u00e1k lef\u00e9nyk\u00e9pezni a v\u00e1ros egyik &#8222;nevezetess\u00e9g\u00e9t&#8221; a h\u00faszemeletest.<\/p>\n","protected":false},"author":1,"featured_media":0,"comment_status":"open","ping_status":"closed","sticky":false,"template":"","format":"standard","meta":[],"categories":[12],"tags":[],"aioseo_notices":[],"views":1981,"_links":{"self":[{"href":"http:\/\/www.quiltingstudio.hu\/blog\/index.php?rest_route=\/wp\/v2\/posts\/2266"}],"collection":[{"href":"http:\/\/www.quiltingstudio.hu\/blog\/index.php?rest_route=\/wp\/v2\/posts"}],"about":[{"href":"http:\/\/www.quiltingstudio.hu\/blog\/index.php?rest_route=\/wp\/v2\/types\/post"}],"author":[{"embeddable":true,"href":"http:\/\/www.quiltingstudio.hu\/blog\/index.php?rest_route=\/wp\/v2\/users\/1"}],"replies":[{"embeddable":true,"href":"http:\/\/www.quiltingstudio.hu\/blog\/index.php?rest_route=%2Fwp%2Fv2%2Fcomments&post=2266"}],"version-history":[{"count":7,"href":"http:\/\/www.quiltingstudio.hu\/blog\/index.php?rest_route=\/wp\/v2\/posts\/2266\/revisions"}],"predecessor-version":[{"id":2285,"href":"http:\/\/www.quiltingstudio.hu\/blog\/index.php?rest_route=\/wp\/v2\/posts\/2266\/revisions\/2285"}],"wp:attachment":[{"href":"http:\/\/www.quiltingstudio.hu\/blog\/index.php?rest_route=%2Fwp%2Fv2%2Fmedia&parent=2266"}],"wp:term":[{"taxonomy":"category","embeddable":true,"href":"http:\/\/www.quiltingstudio.hu\/blog\/index.php?rest_route=%2Fwp%2Fv2%2Fcategories&post=2266"},{"taxonomy":"post_tag","embeddable":true,"href":"http:\/\/www.quiltingstudio.hu\/blog\/index.php?rest_route=%2Fwp%2Fv2%2Ftags&post=2266"}],"curies":[{"name":"wp","href":"https:\/\/api.w.org\/{rel}","templated":true}]}}