{"id":229,"date":"2008-01-18T12:55:41","date_gmt":"2008-01-18T10:55:41","guid":{"rendered":"http:\/\/www.quiltingstudio.hu\/blog\/?p=229"},"modified":"2008-01-18T12:57:03","modified_gmt":"2008-01-18T10:57:03","slug":"rozsakert","status":"publish","type":"post","link":"http:\/\/www.quiltingstudio.hu\/blog\/?p=229","title":{"rendered":"R\u00f3zsakert&#8230;"},"content":{"rendered":"<p><a href=\"http:\/\/www.quiltingstudio.hu\/blog\/wp-content\/uploads\/2008\/01\/p1020824_800.jpg\" title=\"p1020824_800.jpg\"><img decoding=\"async\" src=\"http:\/\/www.quiltingstudio.hu\/blog\/wp-content\/uploads\/2008\/01\/p1020824_800.thumbnail.jpg\" alt=\"p1020824_800.jpg\" \/><\/a><\/p>\n<p>Az eg\u00e9sz \u00fagy kezd\u0151d\u00f6tt, hogy szerettem volna a r\u00e9gi, haszn\u00e1lt, elkopott \u00e1gynem\u0171k helyett \u00fajakat v\u00e1s\u00e1rolni. Ez l\u00e1tsz\u00f3lag egyszer\u0171, de nem ennyire. K\u00f6rbej\u00e1rtam j\u00f3 n\u00e9h\u00e1ny boltot \u00e9s siker\u00fclt is v\u00e1s\u00e1rolnom 3 k\u00fcl\u00f6nb\u00f6z\u0151t.(Persze p\u00e1ros\u00e1val, hiszen \u00edgy sz\u00e9p az \u00e9let!):o)))<\/p>\n<p><!--more--><\/p>\n<p>A v\u00e1s\u00e1rl\u00e1s ut\u00e1n nekil\u00e1ttam kimosni \u0151ket, majd t\u00fczetesebben \u00e1tn\u00e9ztem \u00e9s arra\u00a0 a k\u00f6vetkeztet\u00e9sre jutottam, hogy jobban j\u00e1rok, ha mindegyiket \u00fajravarrom. \u00c1ll\u00edt\u00f3lag kiv\u00e1l\u00f3 min\u0151s\u00e9get tartottam a kezemben. Nekem meg \u00fagy t\u0171nt, hogy valaki ezen gyakorolt, hiszen t\u00f6bb helyen a k\u00e9t r\u00e9teg \u00f6ssze sem volt varrva. \u00c9s akkor azt m\u00e9g nem eml\u00edtettem, hogy milyen g\u00f6rb\u00e9n, ill. tiszt\u00e1z\u00e1s n\u00e9lk\u00fcl.<\/p>\n<p>\u00cdgy h\u00e1t el\u0151vettem a leghosszabb vonalz\u00f3mat\u00a0 \u00e9s befejeztem az \u00e1gynem\u0171ket. Az egyik kiv\u00e1l\u00f3 term\u00e9k 2 db-os, azaz nem j\u00e1rt hozz\u00e1 a kisp\u00e1rna huzat. Ez\u00e9rt vettem k\u00fcl\u00f6n huzatot \u00e9s tettem r\u00f3la, hogy \u00fagy t\u0171nj\u00f6n, mintha a garnit\u00far\u00e1hoz tartozna. Egy kis h\u00edmz\u00e9s, f\u00e9l m\u00e9ter szat\u00e9nszalag \u00e9s k\u00e9sz is! M\u00e1r nem is b\u00e1nom, hogy nem j\u00e1rt hozz\u00e1 gy\u00e1rilag!<\/p>\n<p>\u00cdme a k\u00e9p:<\/p>\n<p><a href=\"http:\/\/www.quiltingstudio.hu\/blog\/wp-content\/uploads\/2008\/01\/p1020829_800.jpg\" title=\"p1020829_800.jpg\"><img decoding=\"async\" src=\"http:\/\/www.quiltingstudio.hu\/blog\/wp-content\/uploads\/2008\/01\/p1020829_800.thumbnail.jpg\" alt=\"p1020829_800.jpg\" \/><\/a>\u00a0<\/p>\n","protected":false},"excerpt":{"rendered":"<p>Az eg\u00e9sz \u00fagy kezd\u0151d\u00f6tt, hogy szerettem volna a r\u00e9gi, haszn\u00e1lt, elkopott \u00e1gynem\u0171k helyett \u00fajakat v\u00e1s\u00e1rolni. Ez l\u00e1tsz\u00f3lag egyszer\u0171, de nem ennyire. K\u00f6rbej\u00e1rtam j\u00f3 n\u00e9h\u00e1ny boltot \u00e9s siker\u00fclt is v\u00e1s\u00e1rolnom 3 k\u00fcl\u00f6nb\u00f6z\u0151t.(Persze p\u00e1ros\u00e1val, hiszen \u00edgy sz\u00e9p az \u00e9let!):o)))<\/p>\n","protected":false},"author":1,"featured_media":0,"comment_status":"open","ping_status":"closed","sticky":false,"template":"","format":"standard","meta":[],"categories":[4],"tags":[],"aioseo_notices":[],"views":2347,"_links":{"self":[{"href":"http:\/\/www.quiltingstudio.hu\/blog\/index.php?rest_route=\/wp\/v2\/posts\/229"}],"collection":[{"href":"http:\/\/www.quiltingstudio.hu\/blog\/index.php?rest_route=\/wp\/v2\/posts"}],"about":[{"href":"http:\/\/www.quiltingstudio.hu\/blog\/index.php?rest_route=\/wp\/v2\/types\/post"}],"author":[{"embeddable":true,"href":"http:\/\/www.quiltingstudio.hu\/blog\/index.php?rest_route=\/wp\/v2\/users\/1"}],"replies":[{"embeddable":true,"href":"http:\/\/www.quiltingstudio.hu\/blog\/index.php?rest_route=%2Fwp%2Fv2%2Fcomments&post=229"}],"version-history":[{"count":0,"href":"http:\/\/www.quiltingstudio.hu\/blog\/index.php?rest_route=\/wp\/v2\/posts\/229\/revisions"}],"wp:attachment":[{"href":"http:\/\/www.quiltingstudio.hu\/blog\/index.php?rest_route=%2Fwp%2Fv2%2Fmedia&parent=229"}],"wp:term":[{"taxonomy":"category","embeddable":true,"href":"http:\/\/www.quiltingstudio.hu\/blog\/index.php?rest_route=%2Fwp%2Fv2%2Fcategories&post=229"},{"taxonomy":"post_tag","embeddable":true,"href":"http:\/\/www.quiltingstudio.hu\/blog\/index.php?rest_route=%2Fwp%2Fv2%2Ftags&post=229"}],"curies":[{"name":"wp","href":"https:\/\/api.w.org\/{rel}","templated":true}]}}