{"id":2294,"date":"2010-08-19T15:17:01","date_gmt":"2010-08-19T13:17:01","guid":{"rendered":"http:\/\/www.quiltingstudio.hu\/blog\/?p=2294"},"modified":"2011-05-25T10:40:40","modified_gmt":"2011-05-25T08:40:40","slug":"belvaros-2010-nyaran","status":"publish","type":"post","link":"http:\/\/www.quiltingstudio.hu\/blog\/?p=2294","title":{"rendered":"Belv\u00e1ros 2010 nyar\u00e1n&#8230;"},"content":{"rendered":"<div id=\"attachment_2295\" style=\"width: 235px\" class=\"wp-caption aligncenter\"><a href=\"http:\/\/www.quiltingstudio.hu\/blog\/wp-content\/uploads\/2010\/08\/angolkisasszonyoktemploma.jpg\"><img aria-describedby=\"caption-attachment-2295\" decoding=\"async\" loading=\"lazy\" class=\"size-medium wp-image-2295\" title=\"angolkisasszonyoktemploma\" src=\"http:\/\/www.quiltingstudio.hu\/blog\/wp-content\/uploads\/2010\/08\/angolkisasszonyoktemploma-225x300.jpg\" alt=\"angolka temploma\" width=\"225\" height=\"300\" srcset=\"http:\/\/www.quiltingstudio.hu\/blog\/wp-content\/uploads\/2010\/08\/angolkisasszonyoktemploma-225x300.jpg 225w, http:\/\/www.quiltingstudio.hu\/blog\/wp-content\/uploads\/2010\/08\/angolkisasszonyoktemploma-768x1024.jpg 768w, http:\/\/www.quiltingstudio.hu\/blog\/wp-content\/uploads\/2010\/08\/angolkisasszonyoktemploma.jpg 801w\" sizes=\"(max-width: 225px) 100vw, 225px\" \/><\/a><p id=\"caption-attachment-2295\" class=\"wp-caption-text\">Angolkisasszonyok  temploma<\/p><\/div>\n<p>Az egyik ilyen kerekez\u0151s t\u00far\u00e1nk alkalm\u00e1val a belv\u00e1rost is k\u00f6r\u00fclj\u00e1rtuk, itt k\u00e9sz\u00fcltek a k\u00f6vetkez\u0151 k\u00e9pek.<\/p>\n<p><!--more--><\/p>\n<div id=\"attachment_2296\" style=\"width: 310px\" class=\"wp-caption aligncenter\"><a href=\"http:\/\/www.quiltingstudio.hu\/blog\/wp-content\/uploads\/2010\/08\/benedekhegy.jpg\"><img aria-describedby=\"caption-attachment-2296\" decoding=\"async\" loading=\"lazy\" class=\"size-medium wp-image-2296\" title=\"benedekhegy\" src=\"http:\/\/www.quiltingstudio.hu\/blog\/wp-content\/uploads\/2010\/08\/benedekhegy-300x225.jpg\" alt=\"kereszt\" width=\"300\" height=\"225\" srcset=\"http:\/\/www.quiltingstudio.hu\/blog\/wp-content\/uploads\/2010\/08\/benedekhegy-300x225.jpg 300w, http:\/\/www.quiltingstudio.hu\/blog\/wp-content\/uploads\/2010\/08\/benedekhegy.jpg 801w\" sizes=\"(max-width: 300px) 100vw, 300px\" \/><\/a><p id=\"caption-attachment-2296\" class=\"wp-caption-text\">A kereszt<\/p><\/div>\n<p>A Benedek hegyi kil\u00e1t\u00f3 m\u00e1r az \u00fajonnan \u00e9p\u00fclt\u00a0 kik\u00f6vezett j\u00e1rd\u00e1val.<\/p>\n<div id=\"attachment_2297\" style=\"width: 250px\" class=\"wp-caption aligncenter\"><a href=\"http:\/\/www.quiltingstudio.hu\/blog\/wp-content\/uploads\/2010\/08\/kinizsibank.jpg\">&#8211;<img aria-describedby=\"caption-attachment-2297\" decoding=\"async\" loading=\"lazy\" class=\"size-medium wp-image-2297\" title=\"kinizsibank\" src=\"http:\/\/www.quiltingstudio.hu\/blog\/wp-content\/uploads\/2010\/08\/kinizsibank-240x300.jpg\" alt=\"kinizsi\" width=\"240\" height=\"300\" srcset=\"http:\/\/www.quiltingstudio.hu\/blog\/wp-content\/uploads\/2010\/08\/kinizsibank-240x300.jpg 240w, http:\/\/www.quiltingstudio.hu\/blog\/wp-content\/uploads\/2010\/08\/kinizsibank.jpg 801w\" sizes=\"(max-width: 240px) 100vw, 240px\" \/><\/a><p id=\"caption-attachment-2297\" class=\"wp-caption-text\">A Kinizsi h\u00e1z<\/p><\/div>\n<p>Az \u00d3v\u00e1ros t\u00e9ren n\u00e9h\u00e1ny sz\u00e9pen fel\u00faj\u00edtott r\u00e9gi \u00e9p\u00fclet.<\/p>\n<div id=\"attachment_2299\" style=\"width: 310px\" class=\"wp-caption aligncenter\"><a href=\"http:\/\/www.quiltingstudio.hu\/blog\/wp-content\/uploads\/2010\/08\/otp.jpg\"><img aria-describedby=\"caption-attachment-2299\" decoding=\"async\" loading=\"lazy\" class=\"size-medium wp-image-2299\" title=\"otp\" src=\"http:\/\/www.quiltingstudio.hu\/blog\/wp-content\/uploads\/2010\/08\/otp-300x235.jpg\" alt=\"otp\" width=\"300\" height=\"235\" srcset=\"http:\/\/www.quiltingstudio.hu\/blog\/wp-content\/uploads\/2010\/08\/otp-300x235.jpg 300w, http:\/\/www.quiltingstudio.hu\/blog\/wp-content\/uploads\/2010\/08\/otp.jpg 801w\" sizes=\"(max-width: 300px) 100vw, 300px\" \/><\/a><p id=\"caption-attachment-2299\" class=\"wp-caption-text\">A v\u00e1ros a bankok \u00e9s benzinkutak v\u00e1rosa, van bel\u0151l\u00fck b\u0151ven! <\/p><\/div>\n<div id=\"attachment_2302\" style=\"width: 310px\" class=\"wp-caption aligncenter\"><a href=\"http:\/\/www.quiltingstudio.hu\/blog\/wp-content\/uploads\/2010\/08\/szinhaz.jpg\"><img aria-describedby=\"caption-attachment-2302\" decoding=\"async\" loading=\"lazy\" class=\"size-medium wp-image-2302\" title=\"szinhaz\" src=\"http:\/\/www.quiltingstudio.hu\/blog\/wp-content\/uploads\/2010\/08\/szinhaz-300x249.jpg\" alt=\"sz\u00ednh\u00e1z 2010\" width=\"300\" height=\"249\" srcset=\"http:\/\/www.quiltingstudio.hu\/blog\/wp-content\/uploads\/2010\/08\/szinhaz-300x249.jpg 300w, http:\/\/www.quiltingstudio.hu\/blog\/wp-content\/uploads\/2010\/08\/szinhaz.jpg 802w\" sizes=\"(max-width: 300px) 100vw, 300px\" \/><\/a><p id=\"caption-attachment-2302\" class=\"wp-caption-text\">Pet\u0151fi sz\u00ednh\u00e1z 2010<\/p><\/div>\n<div id=\"attachment_2301\" style=\"width: 310px\" class=\"wp-caption aligncenter\"><a href=\"http:\/\/www.quiltingstudio.hu\/blog\/wp-content\/uploads\/2010\/08\/szinhaz2.jpg\"><img aria-describedby=\"caption-attachment-2301\" decoding=\"async\" loading=\"lazy\" class=\"size-medium wp-image-2301\" title=\"szinhaz2\" src=\"http:\/\/www.quiltingstudio.hu\/blog\/wp-content\/uploads\/2010\/08\/szinhaz2-300x225.jpg\" alt=\"sz\u00ednh\u00e1z bej\u00e1rat\" width=\"300\" height=\"225\" srcset=\"http:\/\/www.quiltingstudio.hu\/blog\/wp-content\/uploads\/2010\/08\/szinhaz2-300x225.jpg 300w, http:\/\/www.quiltingstudio.hu\/blog\/wp-content\/uploads\/2010\/08\/szinhaz2.jpg 801w\" sizes=\"(max-width: 300px) 100vw, 300px\" \/><\/a><p id=\"caption-attachment-2301\" class=\"wp-caption-text\">A sz\u00ednh\u00e1z bej\u00e1rata<\/p><\/div>\n<div id=\"attachment_2303\" style=\"width: 235px\" class=\"wp-caption aligncenter\"><a href=\"http:\/\/www.quiltingstudio.hu\/blog\/wp-content\/uploads\/2010\/08\/szt3sag.jpg\"><img aria-describedby=\"caption-attachment-2303\" decoding=\"async\" loading=\"lazy\" class=\"size-medium wp-image-2303\" title=\"szt3sag\" src=\"http:\/\/www.quiltingstudio.hu\/blog\/wp-content\/uploads\/2010\/08\/szt3sag-225x300.jpg\" alt=\"szenth\u00e1roms\u00e1g\" width=\"225\" height=\"300\" srcset=\"http:\/\/www.quiltingstudio.hu\/blog\/wp-content\/uploads\/2010\/08\/szt3sag-225x300.jpg 225w, http:\/\/www.quiltingstudio.hu\/blog\/wp-content\/uploads\/2010\/08\/szt3sag-768x1024.jpg 768w, http:\/\/www.quiltingstudio.hu\/blog\/wp-content\/uploads\/2010\/08\/szt3sag.jpg 801w\" sizes=\"(max-width: 225px) 100vw, 225px\" \/><\/a><p id=\"caption-attachment-2303\" class=\"wp-caption-text\">Szenth\u00e1roms\u00e1g<\/p><\/div>\n<p>A v\u00e1rban tal\u00e1lhat\u00f3 Szenth\u00e1roms\u00e1g szobor \u00e9s mellette a Ferences templom \u00e9s kolostor.<\/p>\n<div id=\"attachment_2304\" style=\"width: 235px\" class=\"wp-caption aligncenter\"><a href=\"http:\/\/www.quiltingstudio.hu\/blog\/wp-content\/uploads\/2010\/08\/tuztorony.jpg\"><img aria-describedby=\"caption-attachment-2304\" decoding=\"async\" loading=\"lazy\" class=\"size-medium wp-image-2304\" title=\"tuztorony\" src=\"http:\/\/www.quiltingstudio.hu\/blog\/wp-content\/uploads\/2010\/08\/tuztorony-225x300.jpg\" alt=\"t\u0171ztorony\" width=\"225\" height=\"300\" srcset=\"http:\/\/www.quiltingstudio.hu\/blog\/wp-content\/uploads\/2010\/08\/tuztorony-225x300.jpg 225w, http:\/\/www.quiltingstudio.hu\/blog\/wp-content\/uploads\/2010\/08\/tuztorony-768x1024.jpg 768w, http:\/\/www.quiltingstudio.hu\/blog\/wp-content\/uploads\/2010\/08\/tuztorony.jpg 801w\" sizes=\"(max-width: 225px) 100vw, 225px\" \/><\/a><p id=\"caption-attachment-2304\" class=\"wp-caption-text\">A t\u0171ztorony<\/p><\/div>\n<p>Ez egyeseknek m\u00e1r ismer\u0151s lehet&#8230;<\/p>\n<div id=\"attachment_2305\" style=\"width: 310px\" class=\"wp-caption aligncenter\"><a href=\"http:\/\/www.quiltingstudio.hu\/blog\/wp-content\/uploads\/2010\/08\/utkozben.jpg\"><img aria-describedby=\"caption-attachment-2305\" decoding=\"async\" loading=\"lazy\" class=\"size-medium wp-image-2305\" title=\"utkozben\" src=\"http:\/\/www.quiltingstudio.hu\/blog\/wp-content\/uploads\/2010\/08\/utkozben-300x225.jpg\" alt=\"pihen\u0151\" width=\"300\" height=\"225\" srcset=\"http:\/\/www.quiltingstudio.hu\/blog\/wp-content\/uploads\/2010\/08\/utkozben-300x225.jpg 300w, http:\/\/www.quiltingstudio.hu\/blog\/wp-content\/uploads\/2010\/08\/utkozben.jpg 801w\" sizes=\"(max-width: 300px) 100vw, 300px\" \/><\/a><p id=\"caption-attachment-2305\" class=\"wp-caption-text\">Pihen\u0151<\/p><\/div>\n<p><em>G\u00e9pes\u00edtve<\/em>, n\u00e9ha meg-meg kell \u00e1llni. \u00c9n csak v\u00e1rtam, m\u00edg a fot\u00f3s dolgozik.<\/p>\n<div id=\"attachment_2306\" style=\"width: 310px\" class=\"wp-caption aligncenter\"><a href=\"http:\/\/www.quiltingstudio.hu\/blog\/wp-content\/uploads\/2010\/08\/varoshaza.jpg\"><img aria-describedby=\"caption-attachment-2306\" decoding=\"async\" loading=\"lazy\" class=\"size-medium wp-image-2306\" title=\"varoshaza\" src=\"http:\/\/www.quiltingstudio.hu\/blog\/wp-content\/uploads\/2010\/08\/varoshaza-300x260.jpg\" alt=\"v\u00e1rosh\u00e1za 2010\" width=\"300\" height=\"260\" srcset=\"http:\/\/www.quiltingstudio.hu\/blog\/wp-content\/uploads\/2010\/08\/varoshaza-300x260.jpg 300w, http:\/\/www.quiltingstudio.hu\/blog\/wp-content\/uploads\/2010\/08\/varoshaza.jpg 801w\" sizes=\"(max-width: 300px) 100vw, 300px\" \/><\/a><p id=\"caption-attachment-2306\" class=\"wp-caption-text\"> A v\u00e1rosh\u00e1za 2010<\/p><\/div>\n<div id=\"attachment_2307\" style=\"width: 310px\" class=\"wp-caption aligncenter\"><a href=\"http:\/\/www.quiltingstudio.hu\/blog\/wp-content\/uploads\/2010\/08\/varoskapu.jpg\"><img aria-describedby=\"caption-attachment-2307\" decoding=\"async\" loading=\"lazy\" class=\"size-medium wp-image-2307\" title=\"varoskapu\" src=\"http:\/\/www.quiltingstudio.hu\/blog\/wp-content\/uploads\/2010\/08\/varoskapu-300x260.jpg\" alt=\"V\u00e1roskapu\" width=\"300\" height=\"260\" srcset=\"http:\/\/www.quiltingstudio.hu\/blog\/wp-content\/uploads\/2010\/08\/varoskapu-300x260.jpg 300w, http:\/\/www.quiltingstudio.hu\/blog\/wp-content\/uploads\/2010\/08\/varoskapu.jpg 801w\" sizes=\"(max-width: 300px) 100vw, 300px\" \/><\/a><p id=\"caption-attachment-2307\" class=\"wp-caption-text\">V\u00e1roskapu<\/p><\/div>\n<p>Itt jutunk fel-be a v\u00e1rba.<\/p>\n<div id=\"attachment_2308\" style=\"width: 310px\" class=\"wp-caption aligncenter\"><a href=\"http:\/\/www.quiltingstudio.hu\/blog\/wp-content\/uploads\/2010\/08\/viadukt.jpg\"><img aria-describedby=\"caption-attachment-2308\" decoding=\"async\" loading=\"lazy\" class=\"size-medium wp-image-2308\" title=\"viadukt\" src=\"http:\/\/www.quiltingstudio.hu\/blog\/wp-content\/uploads\/2010\/08\/viadukt-300x225.jpg\" alt=\"A viadukt\" width=\"300\" height=\"225\" srcset=\"http:\/\/www.quiltingstudio.hu\/blog\/wp-content\/uploads\/2010\/08\/viadukt-300x225.jpg 300w, http:\/\/www.quiltingstudio.hu\/blog\/wp-content\/uploads\/2010\/08\/viadukt.jpg 801w\" sizes=\"(max-width: 300px) 100vw, 300px\" \/><\/a><p id=\"caption-attachment-2308\" class=\"wp-caption-text\">A viadukt<\/p><\/div>\n<p>Kil\u00e1t\u00e1s a v\u00e1rb\u00f3l Istv\u00e1n \u00e9s Gizella szobra mellett, a t\u00e1volban pedig l\u00e1that\u00f3 a h\u00edres h\u00edd.<\/p>\n<p>A sorrend v\u00e9letlen, a perspekt\u00edva nem. :o)))<\/p>\n","protected":false},"excerpt":{"rendered":"<p>Az egyik ilyen kerekez\u0151s t\u00far\u00e1nk alkalm\u00e1val a belv\u00e1rost is k\u00f6r\u00fclj\u00e1rtuk, itt k\u00e9sz\u00fcltek a k\u00f6vetkez\u0151 k\u00e9pek.<\/p>\n","protected":false},"author":1,"featured_media":0,"comment_status":"open","ping_status":"closed","sticky":false,"template":"","format":"standard","meta":[],"categories":[12],"tags":[],"aioseo_notices":[],"views":2997,"_links":{"self":[{"href":"http:\/\/www.quiltingstudio.hu\/blog\/index.php?rest_route=\/wp\/v2\/posts\/2294"}],"collection":[{"href":"http:\/\/www.quiltingstudio.hu\/blog\/index.php?rest_route=\/wp\/v2\/posts"}],"about":[{"href":"http:\/\/www.quiltingstudio.hu\/blog\/index.php?rest_route=\/wp\/v2\/types\/post"}],"author":[{"embeddable":true,"href":"http:\/\/www.quiltingstudio.hu\/blog\/index.php?rest_route=\/wp\/v2\/users\/1"}],"replies":[{"embeddable":true,"href":"http:\/\/www.quiltingstudio.hu\/blog\/index.php?rest_route=%2Fwp%2Fv2%2Fcomments&post=2294"}],"version-history":[{"count":12,"href":"http:\/\/www.quiltingstudio.hu\/blog\/index.php?rest_route=\/wp\/v2\/posts\/2294\/revisions"}],"predecessor-version":[{"id":2979,"href":"http:\/\/www.quiltingstudio.hu\/blog\/index.php?rest_route=\/wp\/v2\/posts\/2294\/revisions\/2979"}],"wp:attachment":[{"href":"http:\/\/www.quiltingstudio.hu\/blog\/index.php?rest_route=%2Fwp%2Fv2%2Fmedia&parent=2294"}],"wp:term":[{"taxonomy":"category","embeddable":true,"href":"http:\/\/www.quiltingstudio.hu\/blog\/index.php?rest_route=%2Fwp%2Fv2%2Fcategories&post=2294"},{"taxonomy":"post_tag","embeddable":true,"href":"http:\/\/www.quiltingstudio.hu\/blog\/index.php?rest_route=%2Fwp%2Fv2%2Ftags&post=2294"}],"curies":[{"name":"wp","href":"https:\/\/api.w.org\/{rel}","templated":true}]}}