{"id":2320,"date":"2010-09-07T09:33:01","date_gmt":"2010-09-07T07:33:01","guid":{"rendered":"http:\/\/www.quiltingstudio.hu\/blog\/?p=2320"},"modified":"2010-09-07T09:33:01","modified_gmt":"2010-09-07T07:33:01","slug":"nem-tuntem-el","status":"publish","type":"post","link":"http:\/\/www.quiltingstudio.hu\/blog\/?p=2320","title":{"rendered":"Nem t\u0171ntem el&#8230;"},"content":{"rendered":"<p>&#8230;csak elfoglaltam magam rendesen. <a href=\"http:\/\/www.quiltingstudio.hu\/blog\/wp-content\/uploads\/2010\/09\/pabd213.jpg\"><img decoding=\"async\" loading=\"lazy\" class=\"aligncenter size-medium wp-image-2321\" title=\"pabd213\" src=\"http:\/\/www.quiltingstudio.hu\/blog\/wp-content\/uploads\/2010\/09\/pabd213-165x300.jpg\" alt=\"pabd213\" width=\"165\" height=\"300\" srcset=\"http:\/\/www.quiltingstudio.hu\/blog\/wp-content\/uploads\/2010\/09\/pabd213-165x300.jpg 165w, http:\/\/www.quiltingstudio.hu\/blog\/wp-content\/uploads\/2010\/09\/pabd213.jpg 442w\" sizes=\"(max-width: 165px) 100vw, 165px\" \/><\/a><\/p>\n<p>\u00dagy d\u00f6nt\u00f6ttem k\u00e9sz\u00edtek a F\u00e9rfias c. p\u00e1ly\u00e1zatra valamit.<strong> A mai nap elk\u00e9sz\u00fcltnek nyilv\u00e1n\u00edtom<\/strong>. <em>(mi\u00e9rt van az, hogy mikor kezdem, alig van \u00f6tletem, mire befejezem, meg m\u00e1r ak\u00e1r h\u00e1rom is?!)<\/em><\/p>\n<p>2010 j\u00falius 31.-\u00e9n kezdtem neki a munk\u00e1nak, a tervek m\u00e1r kor\u00e1bban elk\u00e9sz\u00fcltek. Ha ezt is belesz\u00e1moljuk, kb. 2 havi munk\u00e1nk van ebben. M\u00e1r v\u00e1rtam, hogy elk\u00e9sz\u00fclj\u00f6n, mert nagyon nyomaszt\u00f3 volt, hogy csak evvel foglalkozhatok. \u00dagy szerettem volna mindenf\u00e9le apr\u00f3 m\u00e1st csin\u00e1lni, de h\u00e1t akkor ez soha nem k\u00e9sz\u00fclt volna el. De minden energi\u00e1mat, idegsz\u00e1lamat ez k\u00f6t\u00f6tte le. Evvel keltem, evvel fek\u00fcdtem&#8230;:o)))<\/p>\n<p>Az eg\u00e9szet az \u00faj <strong>Janome Horizon<\/strong>nal k\u00e9sz\u00edtettem. Direkt, hogy m\u00e9g jobban megismerkedj\u00fcnk. Siker\u00fclt!\u00a0 <!--more--><\/p>\n<p>Nagyon nagyon hasznos funkci\u00f3ja a sok k\u00f6z\u00fcl, hogy kikapcsol\u00e1s ut\u00e1n is megjegyzi, milyen be\u00e1ll\u00edt\u00e1sokkal, melyik \u00f6lt\u00e9st\u00edpussal varrtam \u00e9s \u00fagy indul!Az \u00e9n esetemben, mikor nap nap ut\u00e1n folytatom ugyanazt a varr\u00e1st, igen nagy seg\u00edts\u00e9g.<\/p>\n<p>A m\u00e1sik szenz\u00e1ci\u00f3s tud\u00e1sa, hogy a sz\u00e1momra fontos, gyakran haszn\u00e1lt \u00f6lt\u00e9st\u00edpusokat a saj\u00e1t ig\u00e9nyeimnek megfelel\u0151en be tudom \u00e1ll\u00edtani \u00e9s ezt ha m\u00e1sk\u00e9pp nem rendelkezem, \u00edgy haszn\u00e1lni. Esetemben a munka elej\u00e9n 3 k\u00fcl\u00f6nb\u00f6z\u0151 \u00f6lt\u00e9st\u00edpust haszn\u00e1ltam felv\u00e1ltva. Mikor egyikr\u0151l a m\u00e1sikra v\u00e1ltok nem kell \u00fajb\u00f3l beadni neki az \u00f6lt\u00e9ssz\u00e9less\u00e9get, s\u0171r\u0171s\u00e9get, t\u00fckr\u00f6z\u00e9st stb.<\/p>\n<p>Egy id\u0151 ut\u00e1n arra is r\u00e1j\u00f6ttem hogy az FMQ (free motion quilting ) talpat is be lehet \u00e1ll\u00edtani, hogy mennyire legyen\u00a0 lent vagy feljebb a talp.\u00a0 Ez vastagabb quiltn\u00e9l, t\u00f6bb r\u00e9tegn\u00e9l nagy el\u0151ny!<\/p>\n<p>Sz\u00f3val a masina <strong>szuper<\/strong>, csak javasolni tudom. Ez persze nem azt jelenti, hogy nincsenek h\u00e1tr\u00e1nyos tulajdons\u00e1gai, de elt\u00f6rp\u00fclnek a j\u00f3k mellett!<\/p>\n","protected":false},"excerpt":{"rendered":"<p>&#8230;csak elfoglaltam magam rendesen. \u00dagy d\u00f6nt\u00f6ttem k\u00e9sz\u00edtek a F\u00e9rfias c. p\u00e1ly\u00e1zatra valamit. A mai nap elk\u00e9sz\u00fcltnek nyilv\u00e1n\u00edtom. (mi\u00e9rt van az, hogy mikor kezdem, alig van \u00f6tletem, mire befejezem, meg m\u00e1r ak\u00e1r h\u00e1rom is?!) 2010 j\u00falius 31.-\u00e9n kezdtem neki a munk\u00e1nak, a tervek m\u00e1r kor\u00e1bban elk\u00e9sz\u00fcltek. Ha ezt is belesz\u00e1moljuk, kb. 2 havi munk\u00e1nk van ebben. [&hellip;]<\/p>\n","protected":false},"author":1,"featured_media":0,"comment_status":"open","ping_status":"closed","sticky":false,"template":"","format":"standard","meta":[],"categories":[3],"tags":[],"aioseo_notices":[],"views":2403,"_links":{"self":[{"href":"http:\/\/www.quiltingstudio.hu\/blog\/index.php?rest_route=\/wp\/v2\/posts\/2320"}],"collection":[{"href":"http:\/\/www.quiltingstudio.hu\/blog\/index.php?rest_route=\/wp\/v2\/posts"}],"about":[{"href":"http:\/\/www.quiltingstudio.hu\/blog\/index.php?rest_route=\/wp\/v2\/types\/post"}],"author":[{"embeddable":true,"href":"http:\/\/www.quiltingstudio.hu\/blog\/index.php?rest_route=\/wp\/v2\/users\/1"}],"replies":[{"embeddable":true,"href":"http:\/\/www.quiltingstudio.hu\/blog\/index.php?rest_route=%2Fwp%2Fv2%2Fcomments&post=2320"}],"version-history":[{"count":2,"href":"http:\/\/www.quiltingstudio.hu\/blog\/index.php?rest_route=\/wp\/v2\/posts\/2320\/revisions"}],"predecessor-version":[{"id":2323,"href":"http:\/\/www.quiltingstudio.hu\/blog\/index.php?rest_route=\/wp\/v2\/posts\/2320\/revisions\/2323"}],"wp:attachment":[{"href":"http:\/\/www.quiltingstudio.hu\/blog\/index.php?rest_route=%2Fwp%2Fv2%2Fmedia&parent=2320"}],"wp:term":[{"taxonomy":"category","embeddable":true,"href":"http:\/\/www.quiltingstudio.hu\/blog\/index.php?rest_route=%2Fwp%2Fv2%2Fcategories&post=2320"},{"taxonomy":"post_tag","embeddable":true,"href":"http:\/\/www.quiltingstudio.hu\/blog\/index.php?rest_route=%2Fwp%2Fv2%2Ftags&post=2320"}],"curies":[{"name":"wp","href":"https:\/\/api.w.org\/{rel}","templated":true}]}}