{"id":2324,"date":"2010-09-16T09:40:31","date_gmt":"2010-09-16T07:40:31","guid":{"rendered":"http:\/\/www.quiltingstudio.hu\/blog\/?p=2324"},"modified":"2010-09-16T09:40:31","modified_gmt":"2010-09-16T07:40:31","slug":"vegre","status":"publish","type":"post","link":"http:\/\/www.quiltingstudio.hu\/blog\/?p=2324","title":{"rendered":"V\u00e9gre&#8230;"},"content":{"rendered":"<p>lehet egy kicsit j\u00e1tszadozni. Bernina ism\u00e9t el\u0151ker\u00fclt egy kis h\u00edmz\u00e9sre. M\u00e9g nem tudom mi lesz bel\u0151le, de ki kellett pr\u00f3b\u00e1lni.<\/p>\n<div id=\"attachment_2326\" style=\"width: 310px\" class=\"wp-caption aligncenter\"><a href=\"http:\/\/www.quiltingstudio.hu\/blog\/wp-content\/uploads\/2010\/09\/tuzesek.jpg\"><img aria-describedby=\"caption-attachment-2326\" decoding=\"async\" loading=\"lazy\" class=\"size-medium wp-image-2326\" title=\"tuzesek\" src=\"http:\/\/www.quiltingstudio.hu\/blog\/wp-content\/uploads\/2010\/09\/tuzesek-300x168.jpg\" alt=\"az \u00f6sszes\" width=\"300\" height=\"168\" srcset=\"http:\/\/www.quiltingstudio.hu\/blog\/wp-content\/uploads\/2010\/09\/tuzesek-300x168.jpg 300w, http:\/\/www.quiltingstudio.hu\/blog\/wp-content\/uploads\/2010\/09\/tuzesek.jpg 800w\" sizes=\"(max-width: 300px) 100vw, 300px\" \/><\/a><p id=\"caption-attachment-2326\" class=\"wp-caption-text\">Az \u00f6sszes k\u00e9pecske egy\u00fctt<\/p><\/div>\n<p>Ezek ugyan \u00e9pp t\u0171z\u00e9smint\u00e1k, m\u00e9gpedig az egyvonalas fajta. \u00c9lvezet volt n\u00e9zni, ahogy k\u00e9sz\u00fclt. Pr\u00f3b\u00e1lgattam, milyen ha egysz\u00edn\u0171 c\u00e9rn\u00e1val varrom, milyen ha mel\u00edrozottal . <!--more--><\/p>\n<div id=\"attachment_2325\" style=\"width: 277px\" class=\"wp-caption aligncenter\"><a href=\"http:\/\/www.quiltingstudio.hu\/blog\/wp-content\/uploads\/2010\/09\/szarvas.jpg\"><img aria-describedby=\"caption-attachment-2325\" decoding=\"async\" loading=\"lazy\" class=\"size-medium wp-image-2325\" title=\"szarvas\" src=\"http:\/\/www.quiltingstudio.hu\/blog\/wp-content\/uploads\/2010\/09\/szarvas-267x300.jpg\" alt=\"t\u0171z\u00e9s\" width=\"267\" height=\"300\" srcset=\"http:\/\/www.quiltingstudio.hu\/blog\/wp-content\/uploads\/2010\/09\/szarvas-267x300.jpg 267w, http:\/\/www.quiltingstudio.hu\/blog\/wp-content\/uploads\/2010\/09\/szarvas.jpg 800w\" sizes=\"(max-width: 267px) 100vw, 267px\" \/><\/a><p id=\"caption-attachment-2325\" class=\"wp-caption-text\">Egy t\u00e9li v\u00e1ltozat<\/p><\/div>\n<div id=\"attachment_2328\" style=\"width: 277px\" class=\"wp-caption aligncenter\"><a href=\"http:\/\/www.quiltingstudio.hu\/blog\/wp-content\/uploads\/2010\/09\/cinke.jpg\"><img aria-describedby=\"caption-attachment-2328\" decoding=\"async\" loading=\"lazy\" class=\"size-medium wp-image-2328\" title=\"cinke\" src=\"http:\/\/www.quiltingstudio.hu\/blog\/wp-content\/uploads\/2010\/09\/cinke-267x300.jpg\" alt=\"mel\u00edrozottal\" width=\"267\" height=\"300\" srcset=\"http:\/\/www.quiltingstudio.hu\/blog\/wp-content\/uploads\/2010\/09\/cinke-267x300.jpg 267w, http:\/\/www.quiltingstudio.hu\/blog\/wp-content\/uploads\/2010\/09\/cinke.jpg 800w\" sizes=\"(max-width: 267px) 100vw, 267px\" \/><\/a><p id=\"caption-attachment-2328\" class=\"wp-caption-text\">Mel\u00edrozottal c\u00e9rn\u00e1val<\/p><\/div>\n<p>A (kis)l\u00e1nyomnak k\u00e9sz\u00edtettem a &#8216;staf\u00edrungja&#8217; els\u0151 darabj\u00e1t.\u00a0 Egy t\u00e1ny\u00e9ral\u00e1t\u00e9t vid\u00e1m \u00e9s szerintem tal\u00e1l\u00f3 h\u00edmz\u00e9ssel. Szereti a cic\u00e1kat \u00e9s anglisztik\u00e1t tanul. Rem\u00e9lem, tetszik majd neki.<\/p>\n<div id=\"attachment_2330\" style=\"width: 310px\" class=\"wp-caption aligncenter\"><a href=\"http:\/\/www.quiltingstudio.hu\/blog\/wp-content\/uploads\/2010\/09\/alatet1.jpg\"><img aria-describedby=\"caption-attachment-2330\" decoding=\"async\" loading=\"lazy\" class=\"size-medium wp-image-2330\" title=\"alatet1\" src=\"http:\/\/www.quiltingstudio.hu\/blog\/wp-content\/uploads\/2010\/09\/alatet1-300x202.jpg\" alt=\"\u00d3h, R\u00f3me\u00f3\" width=\"300\" height=\"202\" srcset=\"http:\/\/www.quiltingstudio.hu\/blog\/wp-content\/uploads\/2010\/09\/alatet1-300x202.jpg 300w, http:\/\/www.quiltingstudio.hu\/blog\/wp-content\/uploads\/2010\/09\/alatet1.jpg 1024w\" sizes=\"(max-width: 300px) 100vw, 300px\" \/><\/a><p id=\"caption-attachment-2330\" class=\"wp-caption-text\">\u00d3h, Romeo...<\/p><\/div>\n","protected":false},"excerpt":{"rendered":"<p>lehet egy kicsit j\u00e1tszadozni. Bernina ism\u00e9t el\u0151ker\u00fclt egy kis h\u00edmz\u00e9sre. M\u00e9g nem tudom mi lesz bel\u0151le, de ki kellett pr\u00f3b\u00e1lni. Ezek ugyan \u00e9pp t\u0171z\u00e9smint\u00e1k, m\u00e9gpedig az egyvonalas fajta. \u00c9lvezet volt n\u00e9zni, ahogy k\u00e9sz\u00fclt. Pr\u00f3b\u00e1lgattam, milyen ha egysz\u00edn\u0171 c\u00e9rn\u00e1val varrom, milyen ha mel\u00edrozottal .<\/p>\n","protected":false},"author":1,"featured_media":0,"comment_status":"open","ping_status":"closed","sticky":false,"template":"","format":"standard","meta":[],"categories":[3,4],"tags":[],"aioseo_notices":[],"views":2395,"_links":{"self":[{"href":"http:\/\/www.quiltingstudio.hu\/blog\/index.php?rest_route=\/wp\/v2\/posts\/2324"}],"collection":[{"href":"http:\/\/www.quiltingstudio.hu\/blog\/index.php?rest_route=\/wp\/v2\/posts"}],"about":[{"href":"http:\/\/www.quiltingstudio.hu\/blog\/index.php?rest_route=\/wp\/v2\/types\/post"}],"author":[{"embeddable":true,"href":"http:\/\/www.quiltingstudio.hu\/blog\/index.php?rest_route=\/wp\/v2\/users\/1"}],"replies":[{"embeddable":true,"href":"http:\/\/www.quiltingstudio.hu\/blog\/index.php?rest_route=%2Fwp%2Fv2%2Fcomments&post=2324"}],"version-history":[{"count":7,"href":"http:\/\/www.quiltingstudio.hu\/blog\/index.php?rest_route=\/wp\/v2\/posts\/2324\/revisions"}],"predecessor-version":[{"id":2338,"href":"http:\/\/www.quiltingstudio.hu\/blog\/index.php?rest_route=\/wp\/v2\/posts\/2324\/revisions\/2338"}],"wp:attachment":[{"href":"http:\/\/www.quiltingstudio.hu\/blog\/index.php?rest_route=%2Fwp%2Fv2%2Fmedia&parent=2324"}],"wp:term":[{"taxonomy":"category","embeddable":true,"href":"http:\/\/www.quiltingstudio.hu\/blog\/index.php?rest_route=%2Fwp%2Fv2%2Fcategories&post=2324"},{"taxonomy":"post_tag","embeddable":true,"href":"http:\/\/www.quiltingstudio.hu\/blog\/index.php?rest_route=%2Fwp%2Fv2%2Ftags&post=2324"}],"curies":[{"name":"wp","href":"https:\/\/api.w.org\/{rel}","templated":true}]}}