{"id":2339,"date":"2010-09-16T09:49:13","date_gmt":"2010-09-16T07:49:13","guid":{"rendered":"http:\/\/www.quiltingstudio.hu\/blog\/?p=2339"},"modified":"2010-09-16T09:49:13","modified_gmt":"2010-09-16T07:49:13","slug":"pihenteteskeppen","status":"publish","type":"post","link":"http:\/\/www.quiltingstudio.hu\/blog\/?p=2339","title":{"rendered":"Pihentet\u00e9sk\u00e9ppen&#8230;"},"content":{"rendered":"<div id=\"attachment_2327\" style=\"width: 310px\" class=\"wp-caption aligncenter\"><a href=\"http:\/\/www.quiltingstudio.hu\/blog\/wp-content\/uploads\/2010\/09\/zseb.jpg\"><img aria-describedby=\"caption-attachment-2327\" decoding=\"async\" loading=\"lazy\" class=\"size-medium wp-image-2327\" title=\"zseb\" src=\"http:\/\/www.quiltingstudio.hu\/blog\/wp-content\/uploads\/2010\/09\/zseb-300x168.jpg\" alt=\"k\u00f6t\u00e9nyzseb\" width=\"300\" height=\"168\" srcset=\"http:\/\/www.quiltingstudio.hu\/blog\/wp-content\/uploads\/2010\/09\/zseb-300x168.jpg 300w, http:\/\/www.quiltingstudio.hu\/blog\/wp-content\/uploads\/2010\/09\/zseb.jpg 800w\" sizes=\"(max-width: 300px) 100vw, 300px\" \/><\/a><p id=\"caption-attachment-2327\" class=\"wp-caption-text\">k\u00f6t\u00e9nyzseb<\/p><\/div>\n<p>most \u00e9pp k\u00f6t\u00e9nyk\u00e9ket varrok. Ez is kell egy konyh\u00e1ban. A k\u00e9pen az egyiknek a zsebe l\u00e1that\u00f3, persze egy kis h\u00edmz\u00e9ssel.<\/p>\n<p>Mivel nincs sok helyem, egyszerre csak egy g\u00e9p van el\u0151l. Azaz vagy h\u00edmzek vagy varrok. \u00cdgy a k\u00f6t\u00e9nyek is kicsit k\u00e9s\u0151bb k\u00e9sz\u00fclnek majd el teljesen. De mindenk\u00e9pp lef\u00e9nyk\u00e9pezem, ha elk\u00e9sz\u00fclnek.<\/p>\n","protected":false},"excerpt":{"rendered":"<p>most \u00e9pp k\u00f6t\u00e9nyk\u00e9ket varrok. Ez is kell egy konyh\u00e1ban. A k\u00e9pen az egyiknek a zsebe l\u00e1that\u00f3, persze egy kis h\u00edmz\u00e9ssel. Mivel nincs sok helyem, egyszerre csak egy g\u00e9p van el\u0151l. Azaz vagy h\u00edmzek vagy varrok. \u00cdgy a k\u00f6t\u00e9nyek is kicsit k\u00e9s\u0151bb k\u00e9sz\u00fclnek majd el teljesen. De mindenk\u00e9pp lef\u00e9nyk\u00e9pezem, ha elk\u00e9sz\u00fclnek.<\/p>\n","protected":false},"author":1,"featured_media":0,"comment_status":"open","ping_status":"closed","sticky":false,"template":"","format":"standard","meta":[],"categories":[3,4],"tags":[],"aioseo_notices":[],"views":1812,"_links":{"self":[{"href":"http:\/\/www.quiltingstudio.hu\/blog\/index.php?rest_route=\/wp\/v2\/posts\/2339"}],"collection":[{"href":"http:\/\/www.quiltingstudio.hu\/blog\/index.php?rest_route=\/wp\/v2\/posts"}],"about":[{"href":"http:\/\/www.quiltingstudio.hu\/blog\/index.php?rest_route=\/wp\/v2\/types\/post"}],"author":[{"embeddable":true,"href":"http:\/\/www.quiltingstudio.hu\/blog\/index.php?rest_route=\/wp\/v2\/users\/1"}],"replies":[{"embeddable":true,"href":"http:\/\/www.quiltingstudio.hu\/blog\/index.php?rest_route=%2Fwp%2Fv2%2Fcomments&post=2339"}],"version-history":[{"count":4,"href":"http:\/\/www.quiltingstudio.hu\/blog\/index.php?rest_route=\/wp\/v2\/posts\/2339\/revisions"}],"predecessor-version":[{"id":2343,"href":"http:\/\/www.quiltingstudio.hu\/blog\/index.php?rest_route=\/wp\/v2\/posts\/2339\/revisions\/2343"}],"wp:attachment":[{"href":"http:\/\/www.quiltingstudio.hu\/blog\/index.php?rest_route=%2Fwp%2Fv2%2Fmedia&parent=2339"}],"wp:term":[{"taxonomy":"category","embeddable":true,"href":"http:\/\/www.quiltingstudio.hu\/blog\/index.php?rest_route=%2Fwp%2Fv2%2Fcategories&post=2339"},{"taxonomy":"post_tag","embeddable":true,"href":"http:\/\/www.quiltingstudio.hu\/blog\/index.php?rest_route=%2Fwp%2Fv2%2Ftags&post=2339"}],"curies":[{"name":"wp","href":"https:\/\/api.w.org\/{rel}","templated":true}]}}