{"id":235,"date":"2008-01-22T10:45:40","date_gmt":"2008-01-22T08:45:40","guid":{"rendered":"http:\/\/www.quiltingstudio.hu\/blog\/?p=235"},"modified":"2008-01-26T13:05:13","modified_gmt":"2008-01-26T11:05:13","slug":"vidam-zsebek","status":"publish","type":"post","link":"http:\/\/www.quiltingstudio.hu\/blog\/?p=235","title":{"rendered":"Vid\u00e1m zsebek (friss\u00edtve)"},"content":{"rendered":"<p>Nem olyan r\u00e9gen b\u00f6ng\u00e9szgettem a neten \u00e9s tal\u00e1ltam egy nagyon \u00f6tletes h\u00edmz\u00e9smint\u00e1t. A l\u00e9nyege, hogy a zsebecske (mert nem egy hatalmas) bele\u00e9p\u00fcl a mint\u00e1ba. Tudom, ez \u00edgy kicsit megfoghatatlan, ez\u00e9rt mutatok r\u00f3la k\u00e9pet is.<\/p>\n<p><a href=\"http:\/\/www.quiltingstudio.hu\/blog\/wp-content\/uploads\/2008\/01\/p1020845v.jpg\" title=\"p1020845v.jpg\"><img decoding=\"async\" src=\"http:\/\/www.quiltingstudio.hu\/blog\/wp-content\/uploads\/2008\/01\/p1020845v.thumbnail.jpg\" alt=\"p1020845v.jpg\" \/><\/a><\/p>\n<p>Teh\u00e1t a b\u00e9ka pocakja egy \u00e1ltalam v\u00e1lasztott anyagb\u00f3l k\u00e9sz\u00fclt, k\u00f6rben szat\u00e9n \u00f6lt\u00e9ssel r\u00f6gz\u00edtve.<\/p>\n<p style=\"clear: both\">Mutatok egy k\u00f6zelebbit is. ( sajnos a sz\u00ednek ici-picit m\u00f3dosultak, de az\u00e9rt \u00e9lvezhet\u0151ek)<\/p>\n<p> <a href=\"http:\/\/www.quiltingstudio.hu\/blog\/wp-content\/uploads\/2008\/01\/p1020847v.jpg\" title=\"B\u00e9ka\"><img decoding=\"async\" src=\"http:\/\/www.quiltingstudio.hu\/blog\/wp-content\/uploads\/2008\/01\/p1020847v.thumbnail.jpg\" alt=\"B\u00e9ka\" \/><\/a><\/p>\n<p>A gyerekekn\u00e9l nagy sikere volt, hamar k\u00e9sz\u00fclt is m\u00e9g n\u00e9h\u00e1ny v\u00e1ltozat .<\/p>\n<p style=\"clear: both\"><!--more--><\/p>\n<p><a href=\"http:\/\/www.quiltingstudio.hu\/blog\/wp-content\/uploads\/2008\/01\/kenguru.jpg\" title=\"kenguru.jpg\"><img decoding=\"async\" src=\"http:\/\/www.quiltingstudio.hu\/blog\/wp-content\/uploads\/2008\/01\/kenguru.thumbnail.jpg\" alt=\"kenguru.jpg\" \/><\/a> Pl. egy kenguru<\/p>\n<p style=\"clear: both\">&nbsp;<\/p>\n<p><a href=\"http:\/\/www.quiltingstudio.hu\/blog\/wp-content\/uploads\/2008\/01\/kutya.jpg\" title=\"kutya.jpg\"><img decoding=\"async\" src=\"http:\/\/www.quiltingstudio.hu\/blog\/wp-content\/uploads\/2008\/01\/kutya.thumbnail.jpg\" alt=\"kutya.jpg\" \/><\/a> Pl. egy kutya<\/p>\n<p style=\"clear: both\">&nbsp;<\/p>\n<p>Az oldal, ahol tal\u00e1ltam : <a href=\"http:\/\/www.smartneedle.com\" target=\"_blank\">www.smartneedle.com<\/a>  \u00e9n m\u00e9g tudn\u00e9k innen v\u00e1logatni&#8230;.<\/p>\n","protected":false},"excerpt":{"rendered":"<p>Nem olyan r\u00e9gen b\u00f6ng\u00e9szgettem a neten \u00e9s tal\u00e1ltam egy nagyon \u00f6tletes h\u00edmz\u00e9smint\u00e1t. A l\u00e9nyege, hogy a zsebecske (mert nem egy hatalmas) bele\u00e9p\u00fcl a mint\u00e1ba. Tudom, ez \u00edgy kicsit megfoghatatlan, ez\u00e9rt mutatok r\u00f3la k\u00e9pet is. Teh\u00e1t a b\u00e9ka pocakja egy \u00e1ltalam v\u00e1lasztott anyagb\u00f3l k\u00e9sz\u00fclt, k\u00f6rben szat\u00e9n \u00f6lt\u00e9ssel r\u00f6gz\u00edtve. Mutatok egy k\u00f6zelebbit is. ( sajnos a sz\u00ednek [&hellip;]<\/p>\n","protected":false},"author":1,"featured_media":0,"comment_status":"open","ping_status":"closed","sticky":false,"template":"","format":"standard","meta":[],"categories":[4],"tags":[],"aioseo_notices":[],"views":2792,"_links":{"self":[{"href":"http:\/\/www.quiltingstudio.hu\/blog\/index.php?rest_route=\/wp\/v2\/posts\/235"}],"collection":[{"href":"http:\/\/www.quiltingstudio.hu\/blog\/index.php?rest_route=\/wp\/v2\/posts"}],"about":[{"href":"http:\/\/www.quiltingstudio.hu\/blog\/index.php?rest_route=\/wp\/v2\/types\/post"}],"author":[{"embeddable":true,"href":"http:\/\/www.quiltingstudio.hu\/blog\/index.php?rest_route=\/wp\/v2\/users\/1"}],"replies":[{"embeddable":true,"href":"http:\/\/www.quiltingstudio.hu\/blog\/index.php?rest_route=%2Fwp%2Fv2%2Fcomments&post=235"}],"version-history":[{"count":0,"href":"http:\/\/www.quiltingstudio.hu\/blog\/index.php?rest_route=\/wp\/v2\/posts\/235\/revisions"}],"wp:attachment":[{"href":"http:\/\/www.quiltingstudio.hu\/blog\/index.php?rest_route=%2Fwp%2Fv2%2Fmedia&parent=235"}],"wp:term":[{"taxonomy":"category","embeddable":true,"href":"http:\/\/www.quiltingstudio.hu\/blog\/index.php?rest_route=%2Fwp%2Fv2%2Fcategories&post=235"},{"taxonomy":"post_tag","embeddable":true,"href":"http:\/\/www.quiltingstudio.hu\/blog\/index.php?rest_route=%2Fwp%2Fv2%2Ftags&post=235"}],"curies":[{"name":"wp","href":"https:\/\/api.w.org\/{rel}","templated":true}]}}