{"id":240,"date":"2008-01-25T17:01:48","date_gmt":"2008-01-25T15:01:48","guid":{"rendered":"http:\/\/www.quiltingstudio.hu\/blog\/?p=240"},"modified":"2008-06-29T17:33:45","modified_gmt":"2008-06-29T15:33:45","slug":"aprosagaim-iii","status":"publish","type":"post","link":"http:\/\/www.quiltingstudio.hu\/blog\/?p=240","title":{"rendered":"Apr\u00f3s\u00e1gaim III."},"content":{"rendered":"<p><a href=\"http:\/\/www.quiltingstudio.hu\/blog\/wp-content\/uploads\/2008\/01\/coasters.jpg\" target=\"_blank\"><img decoding=\"async\" loading=\"lazy\" style=\"border: 0pt none;\" src=\"http:\/\/www.quiltingstudio.hu\/blog\/wp-content\/uploads\/2008\/01\/coasters.jpg\" alt=\"coasters.jpg\" width=\"425\" height=\"306\" \/><\/a><\/p>\n<p>\u00d6nmag\u00e1ban v\u00e9ve ez nem egy nagy dolog. Szint\u00e9n a neten tal\u00e1ltam  az alm\u00e1k\u00e1t, amik egy\u00e9bk\u00e9nt poh\u00e1ral\u00e1t\u00e9tk\u00e9nt szolg\u00e1lnak.<\/p>\n<p>A dobozk\u00e1t hozz\u00e1 m\u00e1r \u00e9n szerkesztettem meg \u00e9s (a puding pr\u00f3b\u00e1ja az ev\u00e9s alapon) ki is varrtam egyb\u0151l. Ilyen lett, nem t\u00f6k\u00e9letes, de majd m\u00e9g alak\u00edtok rajta. (Mindenesetre sokat lehet tanulni bel\u0151le.)<\/p>\n<p><a title=\"doboz.jpg\" href=\"http:\/\/www.quiltingstudio.hu\/blog\/wp-content\/uploads\/2008\/01\/doboz.jpg\" target=\"_blank\"><img decoding=\"async\" src=\"http:\/\/www.quiltingstudio.hu\/blog\/wp-content\/uploads\/2008\/01\/doboz.thumbnail.jpg\" alt=\"doboz.jpg\" \/><\/a><\/p>\n<p>K\u00fcl\u00f6n k\u00e9sz\u00fclt az alja \u00e9s egy m\u00e1sik keretben a 4 oldalka. A t\u00e1lakn\u00e1l szok\u00e1sos m\u00f3don, sz\u00e9les cikk-cakk \u00f6lt\u00e9ssel varrtam \u00f6ssze.<\/p>\n","protected":false},"excerpt":{"rendered":"<p>\u00d6nmag\u00e1ban v\u00e9ve ez nem egy nagy dolog. Szint\u00e9n a neten tal\u00e1ltam az alm\u00e1k\u00e1t, amik egy\u00e9bk\u00e9nt poh\u00e1ral\u00e1t\u00e9tk\u00e9nt szolg\u00e1lnak. A dobozk\u00e1t hozz\u00e1 m\u00e1r \u00e9n szerkesztettem meg \u00e9s (a puding pr\u00f3b\u00e1ja az ev\u00e9s alapon) ki is varrtam egyb\u0151l. Ilyen lett, nem t\u00f6k\u00e9letes, de majd m\u00e9g alak\u00edtok rajta. (Mindenesetre sokat lehet tanulni bel\u0151le.) K\u00fcl\u00f6n k\u00e9sz\u00fclt az alja \u00e9s egy [&hellip;]<\/p>\n","protected":false},"author":1,"featured_media":0,"comment_status":"open","ping_status":"closed","sticky":false,"template":"","format":"standard","meta":[],"categories":[4],"tags":[],"aioseo_notices":[],"views":2192,"_links":{"self":[{"href":"http:\/\/www.quiltingstudio.hu\/blog\/index.php?rest_route=\/wp\/v2\/posts\/240"}],"collection":[{"href":"http:\/\/www.quiltingstudio.hu\/blog\/index.php?rest_route=\/wp\/v2\/posts"}],"about":[{"href":"http:\/\/www.quiltingstudio.hu\/blog\/index.php?rest_route=\/wp\/v2\/types\/post"}],"author":[{"embeddable":true,"href":"http:\/\/www.quiltingstudio.hu\/blog\/index.php?rest_route=\/wp\/v2\/users\/1"}],"replies":[{"embeddable":true,"href":"http:\/\/www.quiltingstudio.hu\/blog\/index.php?rest_route=%2Fwp%2Fv2%2Fcomments&post=240"}],"version-history":[{"count":0,"href":"http:\/\/www.quiltingstudio.hu\/blog\/index.php?rest_route=\/wp\/v2\/posts\/240\/revisions"}],"wp:attachment":[{"href":"http:\/\/www.quiltingstudio.hu\/blog\/index.php?rest_route=%2Fwp%2Fv2%2Fmedia&parent=240"}],"wp:term":[{"taxonomy":"category","embeddable":true,"href":"http:\/\/www.quiltingstudio.hu\/blog\/index.php?rest_route=%2Fwp%2Fv2%2Fcategories&post=240"},{"taxonomy":"post_tag","embeddable":true,"href":"http:\/\/www.quiltingstudio.hu\/blog\/index.php?rest_route=%2Fwp%2Fv2%2Ftags&post=240"}],"curies":[{"name":"wp","href":"https:\/\/api.w.org\/{rel}","templated":true}]}}