{"id":2438,"date":"2010-10-13T13:50:13","date_gmt":"2010-10-13T11:50:13","guid":{"rendered":"http:\/\/www.quiltingstudio.hu\/blog\/?p=2438"},"modified":"2010-10-13T13:51:00","modified_gmt":"2010-10-13T11:51:00","slug":"az-ugyeletes","status":"publish","type":"post","link":"http:\/\/www.quiltingstudio.hu\/blog\/?p=2438","title":{"rendered":"Az \u00fcgyeletes&#8230;"},"content":{"rendered":"<div id=\"attachment_2441\" style=\"width: 310px\" class=\"wp-caption aligncenter\"><a href=\"http:\/\/www.quiltingstudio.hu\/blog\/wp-content\/uploads\/2010\/10\/lilaorchi.jpg\"><img aria-describedby=\"caption-attachment-2441\" decoding=\"async\" loading=\"lazy\" class=\"size-medium wp-image-2441\" title=\"lilaorchi\" src=\"http:\/\/www.quiltingstudio.hu\/blog\/wp-content\/uploads\/2010\/10\/lilaorchi-300x168.jpg\" alt=\"lilaorchi\" width=\"300\" height=\"168\" srcset=\"http:\/\/www.quiltingstudio.hu\/blog\/wp-content\/uploads\/2010\/10\/lilaorchi-300x168.jpg 300w, http:\/\/www.quiltingstudio.hu\/blog\/wp-content\/uploads\/2010\/10\/lilaorchi.jpg 798w\" sizes=\"(max-width: 300px) 100vw, 300px\" \/><\/a><p id=\"caption-attachment-2441\" class=\"wp-caption-text\">11 vir\u00e1ggal<\/p><\/div>\n<p>Most jelenleg ez a lila vagy r\u00f3zsasz\u00edn orchidea pomp\u00e1zik. De m\u00e1r j\u00f6n a k\u00f6vetkez\u0151 jelentkez\u0151 is, lesz feh\u00e9r \u00e9s s\u00e1rga nemsok\u00e1ra.<\/p>\n<p><!--more--><\/p>\n<div id=\"attachment_2439\" style=\"width: 310px\" class=\"wp-caption aligncenter\"><a href=\"http:\/\/www.quiltingstudio.hu\/blog\/wp-content\/uploads\/2010\/10\/orchi1.jpg\"><img aria-describedby=\"caption-attachment-2439\" decoding=\"async\" loading=\"lazy\" class=\"size-medium wp-image-2439\" title=\"orchi1\" src=\"http:\/\/www.quiltingstudio.hu\/blog\/wp-content\/uploads\/2010\/10\/orchi1-300x168.jpg\" alt=\"orchi1\" width=\"300\" height=\"168\" srcset=\"http:\/\/www.quiltingstudio.hu\/blog\/wp-content\/uploads\/2010\/10\/orchi1-300x168.jpg 300w, http:\/\/www.quiltingstudio.hu\/blog\/wp-content\/uploads\/2010\/10\/orchi1.jpg 798w\" sizes=\"(max-width: 300px) 100vw, 300px\" \/><\/a><p id=\"caption-attachment-2439\" class=\"wp-caption-text\">k\u00f6zeli <\/p><\/div>\n<p>H\u00e1t nem h\u00e1l\u00e1sak?<\/p>\n<div id=\"attachment_2440\" style=\"width: 310px\" class=\"wp-caption aligncenter\"><a href=\"http:\/\/www.quiltingstudio.hu\/blog\/wp-content\/uploads\/2010\/10\/lepke.jpg\"><img aria-describedby=\"caption-attachment-2440\" decoding=\"async\" loading=\"lazy\" class=\"size-medium wp-image-2440\" title=\"lepke\" src=\"http:\/\/www.quiltingstudio.hu\/blog\/wp-content\/uploads\/2010\/10\/lepke-300x180.jpg\" alt=\"lepke\" width=\"300\" height=\"180\" srcset=\"http:\/\/www.quiltingstudio.hu\/blog\/wp-content\/uploads\/2010\/10\/lepke-300x180.jpg 300w, http:\/\/www.quiltingstudio.hu\/blog\/wp-content\/uploads\/2010\/10\/lepke.jpg 799w\" sizes=\"(max-width: 300px) 100vw, 300px\" \/><\/a><p id=\"caption-attachment-2440\" class=\"wp-caption-text\">macro<\/p><\/div>\n<p>T\u00f6k\u00e9letes pl. t\u0171fest\u00e9shez&#8230;:o)))<\/p>\n","protected":false},"excerpt":{"rendered":"<p>Most jelenleg ez a lila vagy r\u00f3zsasz\u00edn orchidea pomp\u00e1zik. De m\u00e1r j\u00f6n a k\u00f6vetkez\u0151 jelentkez\u0151 is, lesz feh\u00e9r \u00e9s s\u00e1rga nemsok\u00e1ra.<\/p>\n","protected":false},"author":1,"featured_media":0,"comment_status":"open","ping_status":"closed","sticky":false,"template":"","format":"standard","meta":[],"categories":[8],"tags":[],"aioseo_notices":[],"views":1792,"_links":{"self":[{"href":"http:\/\/www.quiltingstudio.hu\/blog\/index.php?rest_route=\/wp\/v2\/posts\/2438"}],"collection":[{"href":"http:\/\/www.quiltingstudio.hu\/blog\/index.php?rest_route=\/wp\/v2\/posts"}],"about":[{"href":"http:\/\/www.quiltingstudio.hu\/blog\/index.php?rest_route=\/wp\/v2\/types\/post"}],"author":[{"embeddable":true,"href":"http:\/\/www.quiltingstudio.hu\/blog\/index.php?rest_route=\/wp\/v2\/users\/1"}],"replies":[{"embeddable":true,"href":"http:\/\/www.quiltingstudio.hu\/blog\/index.php?rest_route=%2Fwp%2Fv2%2Fcomments&post=2438"}],"version-history":[{"count":6,"href":"http:\/\/www.quiltingstudio.hu\/blog\/index.php?rest_route=\/wp\/v2\/posts\/2438\/revisions"}],"predecessor-version":[{"id":2461,"href":"http:\/\/www.quiltingstudio.hu\/blog\/index.php?rest_route=\/wp\/v2\/posts\/2438\/revisions\/2461"}],"wp:attachment":[{"href":"http:\/\/www.quiltingstudio.hu\/blog\/index.php?rest_route=%2Fwp%2Fv2%2Fmedia&parent=2438"}],"wp:term":[{"taxonomy":"category","embeddable":true,"href":"http:\/\/www.quiltingstudio.hu\/blog\/index.php?rest_route=%2Fwp%2Fv2%2Fcategories&post=2438"},{"taxonomy":"post_tag","embeddable":true,"href":"http:\/\/www.quiltingstudio.hu\/blog\/index.php?rest_route=%2Fwp%2Fv2%2Ftags&post=2438"}],"curies":[{"name":"wp","href":"https:\/\/api.w.org\/{rel}","templated":true}]}}