{"id":259,"date":"2008-01-31T12:39:36","date_gmt":"2008-01-31T10:39:36","guid":{"rendered":"http:\/\/www.quiltingstudio.hu\/blog\/?p=259"},"modified":"2008-01-31T12:40:04","modified_gmt":"2008-01-31T10:40:04","slug":"elso-himzesmintam","status":"publish","type":"post","link":"http:\/\/www.quiltingstudio.hu\/blog\/?p=259","title":{"rendered":"Els\u0151 h\u00edmz\u00e9smint\u00e1m"},"content":{"rendered":"<p><a href=\"http:\/\/www.quiltingstudio.hu\/blog\/wp-content\/uploads\/2008\/01\/applikacio.jpg\" title=\"applikacio.jpg\"><img decoding=\"async\" src=\"http:\/\/www.quiltingstudio.hu\/blog\/wp-content\/uploads\/2008\/01\/applikacio.thumbnail.jpg\" alt=\"applikacio.jpg\" \/><\/a>\u00a0<\/p>\n<p><strong>V\u00c9GRE <em>elk\u00e9sz\u00fclt az els\u0151 h\u00edmz\u00e9smint\u00e1m<\/em>!<\/strong><\/p>\n<p>Azt is tudom, hogy ez nem mindenkit dob fel annyira, mint engem.<\/p>\n<p>Az id\u00e9n \u00e9v elej\u00e9n elhat\u00e1roztam, hogy mindennap foglalkozom a t\u00e9m\u00e1val valamilyen szinten. Tudom, kicsit nevets\u00e9gesen hangzik majd, de szerveztem magamnak egy <em>&#8216;tanfolyamot&#8217;<\/em>, ahol \u00e9n vagyok az oktat\u00f3 is \u00e9s a tanul\u00f3 is egyszem\u00e9lyben.<\/p>\n<p>\u00cdgy azt\u00e1n ha k\u00e9rd\u00e9seim t\u00e1madn\u00e1nak?&#8230;..:o))))<\/p>\n<p>Sz\u00e9pen haladok, biztosan (tudom) vannak m\u00e9g benne hib\u00e1k, de m\u00e1r k\u00e9sz\u00fclnek a h\u00edmz\u00e9smint\u00e1k. S\u0151t, a bedigitaliz\u00e1lt mint\u00e1k m\u00e1r kivarrhat\u00f3ak!<\/p>\n<p>Ki is pr\u00f3b\u00e1ltam n\u00e9h\u00e1nyat, hogy megbizonyosodjak affel\u0151l, van \u00e9rtelme ezzel k\u00fczdeni, pr\u00f3b\u00e1lkozni.<\/p>\n<p>H\u00e1t \u00edme n\u00e9h\u00e1ny:<\/p>\n<p><a href=\"http:\/\/www.quiltingstudio.hu\/blog\/wp-content\/uploads\/2008\/01\/greenwork.jpg\" title=\"greenwork.jpg\"><img decoding=\"async\" src=\"http:\/\/www.quiltingstudio.hu\/blog\/wp-content\/uploads\/2008\/01\/greenwork.thumbnail.jpg\" alt=\"greenwork.jpg\" \/><\/a><\/p>\n<p><a href=\"http:\/\/www.quiltingstudio.hu\/blog\/wp-content\/uploads\/2008\/01\/tulipan.jpg\" title=\"tulipan.jpg\"><img decoding=\"async\" src=\"http:\/\/www.quiltingstudio.hu\/blog\/wp-content\/uploads\/2008\/01\/tulipan.thumbnail.jpg\" alt=\"tulipan.jpg\" \/><\/a><\/p>\n<p>Ha ez m\u0171k\u00f6dik, akkor ism\u00e9t kiny\u00edlik egy ablak &#8230;..ism\u00e9t tov\u00e1bb t\u00e1gul a vil\u00e1g! Ebben az esetben k\u00e9pes leszek arra, hogy a saj\u00e1t magam \u00e1ltal megrajzolt k\u00e9pet \u00e1talak\u00edtsam h\u00edmz\u00e9smint\u00e1v\u00e1, vagy egy bescannelt k\u00e9pet vagy b\u00e1rmilyen clipartot alak\u00edtsak \u00e1t kivarrhat\u00f3 form\u00e1tumba. Igaz \u00e9n m\u00e9g csak\u00a0nagyon kezdeti st\u00e1diumban j\u00e1rok, de m\u00e1r most v\u00e9gtelen\u00fcl izgalmasnak tal\u00e1lom!<\/p>\n","protected":false},"excerpt":{"rendered":"<p>\u00a0 V\u00c9GRE elk\u00e9sz\u00fclt az els\u0151 h\u00edmz\u00e9smint\u00e1m! Azt is tudom, hogy ez nem mindenkit dob fel annyira, mint engem. Az id\u00e9n \u00e9v elej\u00e9n elhat\u00e1roztam, hogy mindennap foglalkozom a t\u00e9m\u00e1val valamilyen szinten. Tudom, kicsit nevets\u00e9gesen hangzik majd, de szerveztem magamnak egy &#8216;tanfolyamot&#8217;, ahol \u00e9n vagyok az oktat\u00f3 is \u00e9s a tanul\u00f3 is egyszem\u00e9lyben. \u00cdgy azt\u00e1n ha k\u00e9rd\u00e9seim [&hellip;]<\/p>\n","protected":false},"author":1,"featured_media":0,"comment_status":"open","ping_status":"closed","sticky":false,"template":"","format":"standard","meta":[],"categories":[4],"tags":[],"aioseo_notices":[],"views":3867,"_links":{"self":[{"href":"http:\/\/www.quiltingstudio.hu\/blog\/index.php?rest_route=\/wp\/v2\/posts\/259"}],"collection":[{"href":"http:\/\/www.quiltingstudio.hu\/blog\/index.php?rest_route=\/wp\/v2\/posts"}],"about":[{"href":"http:\/\/www.quiltingstudio.hu\/blog\/index.php?rest_route=\/wp\/v2\/types\/post"}],"author":[{"embeddable":true,"href":"http:\/\/www.quiltingstudio.hu\/blog\/index.php?rest_route=\/wp\/v2\/users\/1"}],"replies":[{"embeddable":true,"href":"http:\/\/www.quiltingstudio.hu\/blog\/index.php?rest_route=%2Fwp%2Fv2%2Fcomments&post=259"}],"version-history":[{"count":0,"href":"http:\/\/www.quiltingstudio.hu\/blog\/index.php?rest_route=\/wp\/v2\/posts\/259\/revisions"}],"wp:attachment":[{"href":"http:\/\/www.quiltingstudio.hu\/blog\/index.php?rest_route=%2Fwp%2Fv2%2Fmedia&parent=259"}],"wp:term":[{"taxonomy":"category","embeddable":true,"href":"http:\/\/www.quiltingstudio.hu\/blog\/index.php?rest_route=%2Fwp%2Fv2%2Fcategories&post=259"},{"taxonomy":"post_tag","embeddable":true,"href":"http:\/\/www.quiltingstudio.hu\/blog\/index.php?rest_route=%2Fwp%2Fv2%2Ftags&post=259"}],"curies":[{"name":"wp","href":"https:\/\/api.w.org\/{rel}","templated":true}]}}