{"id":2620,"date":"2010-12-16T07:54:10","date_gmt":"2010-12-16T05:54:10","guid":{"rendered":"http:\/\/www.quiltingstudio.hu\/blog\/?p=2620"},"modified":"2010-12-16T07:54:10","modified_gmt":"2010-12-16T05:54:10","slug":"valami-keszul","status":"publish","type":"post","link":"http:\/\/www.quiltingstudio.hu\/blog\/?p=2620","title":{"rendered":"Valami k\u00e9sz\u00fcl&#8230;"},"content":{"rendered":"<p style=\"text-align: center;\">\n<div id=\"attachment_2622\" style=\"width: 241px\" class=\"wp-caption aligncenter\"><a href=\"http:\/\/www.quiltingstudio.hu\/blog\/wp-content\/uploads\/2010\/12\/ragasztva1.jpg\"><img aria-describedby=\"caption-attachment-2622\" decoding=\"async\" loading=\"lazy\" class=\"size-medium wp-image-2622 \" title=\"ragasztva1\" src=\"http:\/\/www.quiltingstudio.hu\/blog\/wp-content\/uploads\/2010\/12\/ragasztva1-231x300.jpg\" alt=\"h\u00f3emberek\" width=\"231\" height=\"300\" srcset=\"http:\/\/www.quiltingstudio.hu\/blog\/wp-content\/uploads\/2010\/12\/ragasztva1-231x300.jpg 231w, http:\/\/www.quiltingstudio.hu\/blog\/wp-content\/uploads\/2010\/12\/ragasztva1.jpg 696w\" sizes=\"(max-width: 231px) 100vw, 231px\" \/><\/a><p id=\"caption-attachment-2622\" class=\"wp-caption-text\">H\u00f3emberek<\/p><\/div>\n<p>Belekezdtem- \u00edgy kar\u00e1csony el\u0151tt- ism\u00e9t valamibe&#8230;<\/p>\n<p>\u00cdgy kezd\u0151dik:<\/p>\n<p>v\u00e9gy sok-sok j\u00f3kedv\u0171 vid\u00e1m h\u00f3emberk\u00e9t, v\u00e1gd ki \u0151ket vid\u00e1m sz\u00ednekb\u0151l , ragaszd fel \u00e9s applik\u00e1ld fel egy nagyobb alapra.<!--more--><\/p>\n<p>Na itt tartok most:<\/p>\n<p style=\"text-align: center;\">\n<div id=\"attachment_2623\" style=\"width: 232px\" class=\"wp-caption aligncenter\"><a href=\"http:\/\/www.quiltingstudio.hu\/blog\/wp-content\/uploads\/2010\/12\/applikalva.jpg\"><img aria-describedby=\"caption-attachment-2623\" decoding=\"async\" loading=\"lazy\" class=\"size-medium wp-image-2623 \" title=\"applikalva\" src=\"http:\/\/www.quiltingstudio.hu\/blog\/wp-content\/uploads\/2010\/12\/applikalva-222x300.jpg\" alt=\"Egy kupac h\u00f3ember\" width=\"222\" height=\"300\" srcset=\"http:\/\/www.quiltingstudio.hu\/blog\/wp-content\/uploads\/2010\/12\/applikalva-222x300.jpg 222w, http:\/\/www.quiltingstudio.hu\/blog\/wp-content\/uploads\/2010\/12\/applikalva-759x1024.jpg 759w, http:\/\/www.quiltingstudio.hu\/blog\/wp-content\/uploads\/2010\/12\/applikalva.jpg 800w\" sizes=\"(max-width: 222px) 100vw, 222px\" \/><\/a><p id=\"caption-attachment-2623\" class=\"wp-caption-text\">Egy kupac h\u00f3ember<\/p><\/div>\n<p style=\"text-align: left;\">Kicsit agg\u00f3dtam, hogyan fogom felvarrni ezeket az apr\u00f3 r\u00e9szeket, de siker\u00fclt. A kedvenc technik\u00e1m: fusible appliqu\u00e9, csak el\u0151re el kell tervezni, mikor melyik r\u00e9sz fedi a m\u00e1sikat.<\/p>\n<p style=\"text-align: left;\">Eddig Horizonnal k\u00e9sz\u00fclt, v\u00e9konyabb t\u0171vel (75)\u00a0 varrtam \u00e9s mindig elvarrattam vele a v\u00e9geken. Csak rem\u00e9lni tudom, hogy tart\u00f3s lesz.<\/p>\n<p style=\"text-align: left;\">Ha siker\u00fcl tov\u00e1bb jutnom, majd hozom az \u00fajabb k\u00e9peket.<\/p>\n<p style=\"text-align: left;\">\n","protected":false},"excerpt":{"rendered":"<p>Belekezdtem- \u00edgy kar\u00e1csony el\u0151tt- ism\u00e9t valamibe&#8230; \u00cdgy kezd\u0151dik: v\u00e9gy sok-sok j\u00f3kedv\u0171 vid\u00e1m h\u00f3emberk\u00e9t, v\u00e1gd ki \u0151ket vid\u00e1m sz\u00ednekb\u0151l , ragaszd fel \u00e9s applik\u00e1ld fel egy nagyobb alapra.<\/p>\n","protected":false},"author":1,"featured_media":0,"comment_status":"open","ping_status":"closed","sticky":false,"template":"","format":"standard","meta":[],"categories":[3],"tags":[],"aioseo_notices":[],"views":2441,"_links":{"self":[{"href":"http:\/\/www.quiltingstudio.hu\/blog\/index.php?rest_route=\/wp\/v2\/posts\/2620"}],"collection":[{"href":"http:\/\/www.quiltingstudio.hu\/blog\/index.php?rest_route=\/wp\/v2\/posts"}],"about":[{"href":"http:\/\/www.quiltingstudio.hu\/blog\/index.php?rest_route=\/wp\/v2\/types\/post"}],"author":[{"embeddable":true,"href":"http:\/\/www.quiltingstudio.hu\/blog\/index.php?rest_route=\/wp\/v2\/users\/1"}],"replies":[{"embeddable":true,"href":"http:\/\/www.quiltingstudio.hu\/blog\/index.php?rest_route=%2Fwp%2Fv2%2Fcomments&post=2620"}],"version-history":[{"count":5,"href":"http:\/\/www.quiltingstudio.hu\/blog\/index.php?rest_route=\/wp\/v2\/posts\/2620\/revisions"}],"predecessor-version":[{"id":2628,"href":"http:\/\/www.quiltingstudio.hu\/blog\/index.php?rest_route=\/wp\/v2\/posts\/2620\/revisions\/2628"}],"wp:attachment":[{"href":"http:\/\/www.quiltingstudio.hu\/blog\/index.php?rest_route=%2Fwp%2Fv2%2Fmedia&parent=2620"}],"wp:term":[{"taxonomy":"category","embeddable":true,"href":"http:\/\/www.quiltingstudio.hu\/blog\/index.php?rest_route=%2Fwp%2Fv2%2Fcategories&post=2620"},{"taxonomy":"post_tag","embeddable":true,"href":"http:\/\/www.quiltingstudio.hu\/blog\/index.php?rest_route=%2Fwp%2Fv2%2Ftags&post=2620"}],"curies":[{"name":"wp","href":"https:\/\/api.w.org\/{rel}","templated":true}]}}