{"id":2629,"date":"2010-12-16T08:06:07","date_gmt":"2010-12-16T06:06:07","guid":{"rendered":"http:\/\/www.quiltingstudio.hu\/blog\/?p=2629"},"modified":"2010-12-16T08:06:07","modified_gmt":"2010-12-16T06:06:07","slug":"ilyent-is-tudunk","status":"publish","type":"post","link":"http:\/\/www.quiltingstudio.hu\/blog\/?p=2629","title":{"rendered":"Ilyent is tudunk&#8230;"},"content":{"rendered":"<div id=\"attachment_2630\" style=\"width: 310px\" class=\"wp-caption aligncenter\"><a href=\"http:\/\/www.quiltingstudio.hu\/blog\/wp-content\/uploads\/2010\/12\/horgoltcsillag.jpg\"><img aria-describedby=\"caption-attachment-2630\" decoding=\"async\" loading=\"lazy\" class=\"size-medium wp-image-2630\" title=\"horgoltcsillag\" src=\"http:\/\/www.quiltingstudio.hu\/blog\/wp-content\/uploads\/2010\/12\/horgoltcsillag-300x168.jpg\" alt=\"Csillagom\" width=\"300\" height=\"168\" srcset=\"http:\/\/www.quiltingstudio.hu\/blog\/wp-content\/uploads\/2010\/12\/horgoltcsillag-300x168.jpg 300w, http:\/\/www.quiltingstudio.hu\/blog\/wp-content\/uploads\/2010\/12\/horgoltcsillag.jpg 800w\" sizes=\"(max-width: 300px) 100vw, 300px\" \/><\/a><p id=\"caption-attachment-2630\" class=\"wp-caption-text\">Csillagom<\/p><\/div>\n<p>H\u00e1t mikor van a legjobb ideje az \u00faj pr\u00f3b\u00e1lkoz\u00e1soknak, ha nem pont kar\u00e1csony el\u0151tt? Mivel annyi mindent kellene csin\u00e1lni, f\u00e9lretettem \u0151ket \u00e9s neki\u00e1lltam &#8222;j\u00e1tszani&#8221;.<\/p>\n<p>M\u00e1r olyan r\u00e9g\u00f3ta -nagyj\u00e1b\u00f3l mi\u00f3ta megvettem az Auror\u00e1t- tervezem, hogy egyszer ezt a technik\u00e1t is kipr\u00f3b\u00e1lom.<!--more--><\/p>\n<div id=\"attachment_2631\" style=\"width: 310px\" class=\"wp-caption aligncenter\"><a href=\"http:\/\/www.quiltingstudio.hu\/blog\/wp-content\/uploads\/2010\/12\/horgolunk.jpg\"><img aria-describedby=\"caption-attachment-2631\" decoding=\"async\" loading=\"lazy\" class=\"size-medium wp-image-2631\" title=\"horgolunk\" src=\"http:\/\/www.quiltingstudio.hu\/blog\/wp-content\/uploads\/2010\/12\/horgolunk-300x168.jpg\" alt=\"az els\u0151 pr\u00f3b\u00e1lkoz\u00e1s\" width=\"300\" height=\"168\" srcset=\"http:\/\/www.quiltingstudio.hu\/blog\/wp-content\/uploads\/2010\/12\/horgolunk-300x168.jpg 300w, http:\/\/www.quiltingstudio.hu\/blog\/wp-content\/uploads\/2010\/12\/horgolunk.jpg 800w\" sizes=\"(max-width: 300px) 100vw, 300px\" \/><\/a><p id=\"caption-attachment-2631\" class=\"wp-caption-text\">az els\u0151 pr\u00f3b\u00e1lkoz\u00e1s<\/p><\/div>\n<p>Eddig j\u00f3, meg vagyok vele el\u00e9gedve, de&#8230;.<\/p>\n<p>Mint a k\u00e9pen is l\u00e1tszik, m\u00e9g nem mostam ki a stabiliz\u00e1tort. Elolvastam a tudnival\u00f3kat\u00a0 -mondjuk \u00edgy- a g\u00e9pi horgol\u00e1sr\u00f3l, felk\u00e9sz\u00fcltem lelkiekben mi van ha m\u00e9gsem siker\u00fcl.<\/p>\n<p>Sajnos tegnap este m\u00e1r nem volt id\u0151m tov\u00e1bb l\u00e9pni, de tal\u00e1n ma&#8230;. Nagyon b\u00edzom benne, hogy megfelel\u0151 t\u0171t, c\u00e9rn\u00e1t \u00e9s sz\u00e1lfeszess\u00e9get v\u00e1lasztottam \u00e9s a csipk\u00e9m egyben marad! Ha igen, akkor tov\u00e1bbl\u00e9pek \u00e9s ebb\u0151l m\u00e9g lesz valami (konkr\u00e9t terveim vannak ), ha nem- ezt is megpr\u00f3b\u00e1ltam. :o)))<\/p>\n<p>PS. am\u00fagy \u00e9n nem szoktam horgolni, nem is vagyok oda \u00e9rt\u00fck, de ez m\u00e1\u00e1\u00e1\u00e1\u00e1\u00e1\u00e1\u00e1\u00e1s!<\/p>\n","protected":false},"excerpt":{"rendered":"<p>H\u00e1t mikor van a legjobb ideje az \u00faj pr\u00f3b\u00e1lkoz\u00e1soknak, ha nem pont kar\u00e1csony el\u0151tt? Mivel annyi mindent kellene csin\u00e1lni, f\u00e9lretettem \u0151ket \u00e9s neki\u00e1lltam &#8222;j\u00e1tszani&#8221;. M\u00e1r olyan r\u00e9g\u00f3ta -nagyj\u00e1b\u00f3l mi\u00f3ta megvettem az Auror\u00e1t- tervezem, hogy egyszer ezt a technik\u00e1t is kipr\u00f3b\u00e1lom.<\/p>\n","protected":false},"author":1,"featured_media":0,"comment_status":"open","ping_status":"closed","sticky":false,"template":"","format":"standard","meta":[],"categories":[4],"tags":[],"aioseo_notices":[],"views":2244,"_links":{"self":[{"href":"http:\/\/www.quiltingstudio.hu\/blog\/index.php?rest_route=\/wp\/v2\/posts\/2629"}],"collection":[{"href":"http:\/\/www.quiltingstudio.hu\/blog\/index.php?rest_route=\/wp\/v2\/posts"}],"about":[{"href":"http:\/\/www.quiltingstudio.hu\/blog\/index.php?rest_route=\/wp\/v2\/types\/post"}],"author":[{"embeddable":true,"href":"http:\/\/www.quiltingstudio.hu\/blog\/index.php?rest_route=\/wp\/v2\/users\/1"}],"replies":[{"embeddable":true,"href":"http:\/\/www.quiltingstudio.hu\/blog\/index.php?rest_route=%2Fwp%2Fv2%2Fcomments&post=2629"}],"version-history":[{"count":3,"href":"http:\/\/www.quiltingstudio.hu\/blog\/index.php?rest_route=\/wp\/v2\/posts\/2629\/revisions"}],"predecessor-version":[{"id":2634,"href":"http:\/\/www.quiltingstudio.hu\/blog\/index.php?rest_route=\/wp\/v2\/posts\/2629\/revisions\/2634"}],"wp:attachment":[{"href":"http:\/\/www.quiltingstudio.hu\/blog\/index.php?rest_route=%2Fwp%2Fv2%2Fmedia&parent=2629"}],"wp:term":[{"taxonomy":"category","embeddable":true,"href":"http:\/\/www.quiltingstudio.hu\/blog\/index.php?rest_route=%2Fwp%2Fv2%2Fcategories&post=2629"},{"taxonomy":"post_tag","embeddable":true,"href":"http:\/\/www.quiltingstudio.hu\/blog\/index.php?rest_route=%2Fwp%2Fv2%2Ftags&post=2629"}],"curies":[{"name":"wp","href":"https:\/\/api.w.org\/{rel}","templated":true}]}}