{"id":2639,"date":"2010-12-21T23:16:23","date_gmt":"2010-12-21T21:16:23","guid":{"rendered":"http:\/\/www.quiltingstudio.hu\/blog\/?p=2639"},"modified":"2010-12-21T23:16:23","modified_gmt":"2010-12-21T21:16:23","slug":"es-igen-sikerult","status":"publish","type":"post","link":"http:\/\/www.quiltingstudio.hu\/blog\/?p=2639","title":{"rendered":"\u00c9s igen, siker\u00fclt&#8230;"},"content":{"rendered":"<p>A horgol\u00e1sunkat (amit Auror\u00e1val ketten alkottunk) kimostam \u00e9s siker\u00fclt!<\/p>\n<div id=\"attachment_2640\" style=\"width: 310px\" class=\"wp-caption aligncenter\"><a href=\"http:\/\/www.quiltingstudio.hu\/blog\/wp-content\/uploads\/2010\/12\/horgolt-csillag.jpg\"><img aria-describedby=\"caption-attachment-2640\" decoding=\"async\" loading=\"lazy\" class=\"size-medium wp-image-2640\" title=\"horgolt-csillag\" src=\"http:\/\/www.quiltingstudio.hu\/blog\/wp-content\/uploads\/2010\/12\/horgolt-csillag-300x217.jpg\" alt=\"jobba l\u00e1tszika minta\" width=\"300\" height=\"217\" srcset=\"http:\/\/www.quiltingstudio.hu\/blog\/wp-content\/uploads\/2010\/12\/horgolt-csillag-300x217.jpg 300w, http:\/\/www.quiltingstudio.hu\/blog\/wp-content\/uploads\/2010\/12\/horgolt-csillag.jpg 801w\" sizes=\"(max-width: 300px) 100vw, 300px\" \/><\/a><p id=\"caption-attachment-2640\" class=\"wp-caption-text\">jobban l\u00e1tszik a minta<\/p><\/div>\n<p>Al\u00e1tettem a leg\u00fajabb kedvenc s\u00e1rga b\u00e9l\u00e9sselymemet, csak a l\u00e1that\u00f3s\u00e1g kedv\u00e9\u00e9rt. B\u00e1r megfordult a fejemben, hogy a bels\u0151 p\u00e1rn\u00e1t ilyen anyagb\u00f3l kellene varrni. Tal\u00e1n majd m\u00e1skor.<!--more--><\/p>\n<p>Sz\u00f3val el\u0151bb m\u00e9g k\u00e9sz\u00edtettem 4 ugyanilyen horgolt blokkot. Egyet felvarrtam egy nagyobb feh\u00e9r (leped\u0151) n\u00e9gyzet k\u00f6zep\u00e9re . Apr\u00f3 pici cikk-cakk \u00f6lt\u00e9sekkel \u00e9s ugyanavval a c\u00e9rn\u00e1val, \u00edgy szinte l\u00e1thatatlan. Kiv\u00e1gtam al\u00f3la az anyagot. Ekkor m\u00e9g mindegyik horgolt blokkon rajta van a stabiliz\u00e1tor, \u00edgy sokkal k\u00f6nnyebb vel\u00fck dolgozni.<\/p>\n<div id=\"attachment_2641\" style=\"width: 178px\" class=\"wp-caption aligncenter\"><a href=\"http:\/\/www.quiltingstudio.hu\/blog\/wp-content\/uploads\/2010\/12\/horgolt-parna.jpg\"><img aria-describedby=\"caption-attachment-2641\" decoding=\"async\" loading=\"lazy\" class=\"size-medium wp-image-2641\" title=\"horgolt-parna\" src=\"http:\/\/www.quiltingstudio.hu\/blog\/wp-content\/uploads\/2010\/12\/horgolt-parna-168x300.jpg\" alt=\"k\u00e9szen\" width=\"168\" height=\"300\" srcset=\"http:\/\/www.quiltingstudio.hu\/blog\/wp-content\/uploads\/2010\/12\/horgolt-parna-168x300.jpg 168w, http:\/\/www.quiltingstudio.hu\/blog\/wp-content\/uploads\/2010\/12\/horgolt-parna-576x1024.jpg 576w, http:\/\/www.quiltingstudio.hu\/blog\/wp-content\/uploads\/2010\/12\/horgolt-parna.jpg 801w\" sizes=\"(max-width: 168px) 100vw, 168px\" \/><\/a><p id=\"caption-attachment-2641\" class=\"wp-caption-text\">k\u00e9szen<\/p><\/div>\n<p>Amikor ezt mind a n\u00e9ggyel elj\u00e1tszottam, kimostam \u00e9s kivasaltam, kicsit kem\u00e9ny\u00edtettem. Azt\u00e1n j\u00f6tt a wing-t\u0171, azaz sz\u00e1rnyas t\u0171 \u00e9s k\u00f6r\u00e9 varrtam egy kis mint\u00e1t vele.<\/p>\n<p>Nem tudom ki mennyire ismeri. A b\u0151rvarr\u00f3 t\u0171nek mindk\u00e9t oldala \u00e9les \u00e9s bev\u00e1gja az anyagot, ezen a t\u0171n tal\u00e1lhat\u00f3 sz\u00e1rnyak pedig csak kit\u00e1g\u00edtj\u00e1k a sz\u00e1lak k\u00f6z\u00f6tti r\u00e9st, evvel hozva l\u00e9tre egy nagyon \u00e9rdekes\u00a0 de j\u00f3pofa hat\u00e1st.<\/p>\n<div id=\"attachment_2643\" style=\"width: 310px\" class=\"wp-caption aligncenter\"><a href=\"http:\/\/www.quiltingstudio.hu\/blog\/wp-content\/uploads\/2010\/12\/ketten.jpg\"><img aria-describedby=\"caption-attachment-2643\" decoding=\"async\" loading=\"lazy\" class=\"size-medium wp-image-2643\" title=\"ketten\" src=\"http:\/\/www.quiltingstudio.hu\/blog\/wp-content\/uploads\/2010\/12\/ketten-300x217.jpg\" alt=\"Ketten...\" width=\"300\" height=\"217\" srcset=\"http:\/\/www.quiltingstudio.hu\/blog\/wp-content\/uploads\/2010\/12\/ketten-300x217.jpg 300w, http:\/\/www.quiltingstudio.hu\/blog\/wp-content\/uploads\/2010\/12\/ketten.jpg 801w\" sizes=\"(max-width: 300px) 100vw, 300px\" \/><\/a><p id=\"caption-attachment-2643\" class=\"wp-caption-text\">Ketten...<\/p><\/div>\n<p><em>(Rem\u00e9lem a vakut\u00f3l az\u00e9rt lehet l\u00e1tni valamit)<\/em><\/p>\n<p>Kicsit olyan r\u00e9gies hat\u00e1sa lett a p\u00e1rn\u00e1nak, de nagyon tetszik. Lehet, hogy m\u00e9gis csak szeretek horgolni, de csak vele.:o)))<\/p>\n","protected":false},"excerpt":{"rendered":"<p>A horgol\u00e1sunkat (amit Auror\u00e1val ketten alkottunk) kimostam \u00e9s siker\u00fclt! Al\u00e1tettem a leg\u00fajabb kedvenc s\u00e1rga b\u00e9l\u00e9sselymemet, csak a l\u00e1that\u00f3s\u00e1g kedv\u00e9\u00e9rt. B\u00e1r megfordult a fejemben, hogy a bels\u0151 p\u00e1rn\u00e1t ilyen anyagb\u00f3l kellene varrni. Tal\u00e1n majd m\u00e1skor.<\/p>\n","protected":false},"author":1,"featured_media":0,"comment_status":"open","ping_status":"closed","sticky":false,"template":"","format":"standard","meta":[],"categories":[3,4],"tags":[],"aioseo_notices":[],"views":3792,"_links":{"self":[{"href":"http:\/\/www.quiltingstudio.hu\/blog\/index.php?rest_route=\/wp\/v2\/posts\/2639"}],"collection":[{"href":"http:\/\/www.quiltingstudio.hu\/blog\/index.php?rest_route=\/wp\/v2\/posts"}],"about":[{"href":"http:\/\/www.quiltingstudio.hu\/blog\/index.php?rest_route=\/wp\/v2\/types\/post"}],"author":[{"embeddable":true,"href":"http:\/\/www.quiltingstudio.hu\/blog\/index.php?rest_route=\/wp\/v2\/users\/1"}],"replies":[{"embeddable":true,"href":"http:\/\/www.quiltingstudio.hu\/blog\/index.php?rest_route=%2Fwp%2Fv2%2Fcomments&post=2639"}],"version-history":[{"count":4,"href":"http:\/\/www.quiltingstudio.hu\/blog\/index.php?rest_route=\/wp\/v2\/posts\/2639\/revisions"}],"predecessor-version":[{"id":2646,"href":"http:\/\/www.quiltingstudio.hu\/blog\/index.php?rest_route=\/wp\/v2\/posts\/2639\/revisions\/2646"}],"wp:attachment":[{"href":"http:\/\/www.quiltingstudio.hu\/blog\/index.php?rest_route=%2Fwp%2Fv2%2Fmedia&parent=2639"}],"wp:term":[{"taxonomy":"category","embeddable":true,"href":"http:\/\/www.quiltingstudio.hu\/blog\/index.php?rest_route=%2Fwp%2Fv2%2Fcategories&post=2639"},{"taxonomy":"post_tag","embeddable":true,"href":"http:\/\/www.quiltingstudio.hu\/blog\/index.php?rest_route=%2Fwp%2Fv2%2Ftags&post=2639"}],"curies":[{"name":"wp","href":"https:\/\/api.w.org\/{rel}","templated":true}]}}