{"id":265,"date":"2008-02-12T12:04:27","date_gmt":"2008-02-12T10:04:27","guid":{"rendered":"http:\/\/www.quiltingstudio.hu\/blog\/?p=265"},"modified":"2008-06-29T17:30:03","modified_gmt":"2008-06-29T15:30:03","slug":"a-tavasz-17-pillanata","status":"publish","type":"post","link":"http:\/\/www.quiltingstudio.hu\/blog\/?p=265","title":{"rendered":"A tavasz 17 pillanata"},"content":{"rendered":"<p><a href=\"http:\/\/www.quiltingstudio.hu\/blog\/wp-content\/uploads\/2008\/02\/gyongyokkel.jpg\" target=\"_blank\"><img decoding=\"async\" loading=\"lazy\" style=\"border: 0pt none;\" src=\"http:\/\/www.quiltingstudio.hu\/blog\/wp-content\/uploads\/2008\/02\/gyongyokkel.jpg\" alt=\"gyongyokkel.jpg\" width=\"425\" height=\"565\" \/><\/a><\/p>\n<p>Egy kis tavasz a kedvenc batikolt anyagjaimb\u00f3l. (csak, hogy egy kis foltvarr\u00e1s is legyen a sok h\u00edmz\u00e9s ut\u00e1n:o)))<\/p>\n","protected":false},"excerpt":{"rendered":"<p>Egy kis tavasz a kedvenc batikolt anyagjaimb\u00f3l. (csak, hogy egy kis foltvarr\u00e1s is legyen a sok h\u00edmz\u00e9s ut\u00e1n:o)))<\/p>\n","protected":false},"author":1,"featured_media":0,"comment_status":"open","ping_status":"closed","sticky":false,"template":"","format":"standard","meta":[],"categories":[3],"tags":[],"aioseo_notices":[],"views":4576,"_links":{"self":[{"href":"http:\/\/www.quiltingstudio.hu\/blog\/index.php?rest_route=\/wp\/v2\/posts\/265"}],"collection":[{"href":"http:\/\/www.quiltingstudio.hu\/blog\/index.php?rest_route=\/wp\/v2\/posts"}],"about":[{"href":"http:\/\/www.quiltingstudio.hu\/blog\/index.php?rest_route=\/wp\/v2\/types\/post"}],"author":[{"embeddable":true,"href":"http:\/\/www.quiltingstudio.hu\/blog\/index.php?rest_route=\/wp\/v2\/users\/1"}],"replies":[{"embeddable":true,"href":"http:\/\/www.quiltingstudio.hu\/blog\/index.php?rest_route=%2Fwp%2Fv2%2Fcomments&post=265"}],"version-history":[{"count":0,"href":"http:\/\/www.quiltingstudio.hu\/blog\/index.php?rest_route=\/wp\/v2\/posts\/265\/revisions"}],"wp:attachment":[{"href":"http:\/\/www.quiltingstudio.hu\/blog\/index.php?rest_route=%2Fwp%2Fv2%2Fmedia&parent=265"}],"wp:term":[{"taxonomy":"category","embeddable":true,"href":"http:\/\/www.quiltingstudio.hu\/blog\/index.php?rest_route=%2Fwp%2Fv2%2Fcategories&post=265"},{"taxonomy":"post_tag","embeddable":true,"href":"http:\/\/www.quiltingstudio.hu\/blog\/index.php?rest_route=%2Fwp%2Fv2%2Ftags&post=265"}],"curies":[{"name":"wp","href":"https:\/\/api.w.org\/{rel}","templated":true}]}}