{"id":2650,"date":"2010-12-22T12:18:17","date_gmt":"2010-12-22T10:18:17","guid":{"rendered":"http:\/\/www.quiltingstudio.hu\/blog\/?p=2650"},"modified":"2010-12-22T12:18:17","modified_gmt":"2010-12-22T10:18:17","slug":"hasznos-ajandek","status":"publish","type":"post","link":"http:\/\/www.quiltingstudio.hu\/blog\/?p=2650","title":{"rendered":"Hasznos aj\u00e1nd\u00e9k&#8230;"},"content":{"rendered":"<div id=\"attachment_2651\" style=\"width: 213px\" class=\"wp-caption aligncenter\"><a href=\"http:\/\/www.quiltingstudio.hu\/blog\/wp-content\/uploads\/2010\/12\/tel_tarto.jpg\"><img aria-describedby=\"caption-attachment-2651\" decoding=\"async\" loading=\"lazy\" class=\"size-medium wp-image-2651\" title=\"tel_tarto\" src=\"http:\/\/www.quiltingstudio.hu\/blog\/wp-content\/uploads\/2010\/12\/tel_tarto-203x300.jpg\" alt=\"telefontart\u00f3\" width=\"203\" height=\"300\" srcset=\"http:\/\/www.quiltingstudio.hu\/blog\/wp-content\/uploads\/2010\/12\/tel_tarto-203x300.jpg 203w, http:\/\/www.quiltingstudio.hu\/blog\/wp-content\/uploads\/2010\/12\/tel_tarto-694x1024.jpg 694w, http:\/\/www.quiltingstudio.hu\/blog\/wp-content\/uploads\/2010\/12\/tel_tarto.jpg 800w\" sizes=\"(max-width: 203px) 100vw, 203px\" \/><\/a><p id=\"caption-attachment-2651\" class=\"wp-caption-text\">pl: a telefontart\u00f3<\/p><\/div>\n<p>Hamar elk\u00e9sz\u00fcl \u00e9s biztos siker! Hiszen manaps\u00e1g m\u00e1r mindenkinek van mobil telefonja \u00e9s azt id\u0151nk\u00e9nt t\u00f6lteni is kell.<!--more--><\/p>\n<div id=\"attachment_2652\" style=\"width: 310px\" class=\"wp-caption aligncenter\"><a href=\"http:\/\/www.quiltingstudio.hu\/blog\/wp-content\/uploads\/2010\/12\/tel_tarto2.jpg\"><img aria-describedby=\"caption-attachment-2652\" decoding=\"async\" loading=\"lazy\" class=\"size-medium wp-image-2652\" title=\"tel_tarto2\" src=\"http:\/\/www.quiltingstudio.hu\/blog\/wp-content\/uploads\/2010\/12\/tel_tarto2-300x298.jpg\" alt=\"milyen egyform\u00e1k\" width=\"300\" height=\"298\" srcset=\"http:\/\/www.quiltingstudio.hu\/blog\/wp-content\/uploads\/2010\/12\/tel_tarto2-300x298.jpg 300w, http:\/\/www.quiltingstudio.hu\/blog\/wp-content\/uploads\/2010\/12\/tel_tarto2-150x150.jpg 150w, http:\/\/www.quiltingstudio.hu\/blog\/wp-content\/uploads\/2010\/12\/tel_tarto2.jpg 800w\" sizes=\"(max-width: 300px) 100vw, 300px\" \/><\/a><p id=\"caption-attachment-2652\" class=\"wp-caption-text\">milyen egyform\u00e1k<\/p><\/div>\n<p>Evvel elker\u00fclhet\u0151, hogy kereszt\u00fcl kasul l\u00f3gnak a k\u00e1belek. Eg\u00e9szen v\u00e9letlen\u00fcl ugyanebb\u0151l az anyagb\u00f3l k\u00e9sz\u00edtettem annak idej\u00e9n a telefontart\u00f3mat is.<\/p>\n<p>Ez egy igen praktikus aj\u00e1nd\u00e9k, ez pl. az eny\u00e9m&#8230; t\u0151lem-nekem! :o)))<\/p>\n","protected":false},"excerpt":{"rendered":"<p>Hamar elk\u00e9sz\u00fcl \u00e9s biztos siker! Hiszen manaps\u00e1g m\u00e1r mindenkinek van mobil telefonja \u00e9s azt id\u0151nk\u00e9nt t\u00f6lteni is kell.<\/p>\n","protected":false},"author":1,"featured_media":0,"comment_status":"open","ping_status":"closed","sticky":false,"template":"","format":"standard","meta":[],"categories":[3],"tags":[],"aioseo_notices":[],"views":2240,"_links":{"self":[{"href":"http:\/\/www.quiltingstudio.hu\/blog\/index.php?rest_route=\/wp\/v2\/posts\/2650"}],"collection":[{"href":"http:\/\/www.quiltingstudio.hu\/blog\/index.php?rest_route=\/wp\/v2\/posts"}],"about":[{"href":"http:\/\/www.quiltingstudio.hu\/blog\/index.php?rest_route=\/wp\/v2\/types\/post"}],"author":[{"embeddable":true,"href":"http:\/\/www.quiltingstudio.hu\/blog\/index.php?rest_route=\/wp\/v2\/users\/1"}],"replies":[{"embeddable":true,"href":"http:\/\/www.quiltingstudio.hu\/blog\/index.php?rest_route=%2Fwp%2Fv2%2Fcomments&post=2650"}],"version-history":[{"count":6,"href":"http:\/\/www.quiltingstudio.hu\/blog\/index.php?rest_route=\/wp\/v2\/posts\/2650\/revisions"}],"predecessor-version":[{"id":2658,"href":"http:\/\/www.quiltingstudio.hu\/blog\/index.php?rest_route=\/wp\/v2\/posts\/2650\/revisions\/2658"}],"wp:attachment":[{"href":"http:\/\/www.quiltingstudio.hu\/blog\/index.php?rest_route=%2Fwp%2Fv2%2Fmedia&parent=2650"}],"wp:term":[{"taxonomy":"category","embeddable":true,"href":"http:\/\/www.quiltingstudio.hu\/blog\/index.php?rest_route=%2Fwp%2Fv2%2Fcategories&post=2650"},{"taxonomy":"post_tag","embeddable":true,"href":"http:\/\/www.quiltingstudio.hu\/blog\/index.php?rest_route=%2Fwp%2Fv2%2Ftags&post=2650"}],"curies":[{"name":"wp","href":"https:\/\/api.w.org\/{rel}","templated":true}]}}