{"id":2661,"date":"2010-12-22T21:31:35","date_gmt":"2010-12-22T19:31:35","guid":{"rendered":"http:\/\/www.quiltingstudio.hu\/blog\/?p=2661"},"modified":"2010-12-22T21:31:35","modified_gmt":"2010-12-22T19:31:35","slug":"cutwork-2","status":"publish","type":"post","link":"http:\/\/www.quiltingstudio.hu\/blog\/?p=2661","title":{"rendered":"Cutwork&#8230;"},"content":{"rendered":"<p>Ezt musz\u00e1j megmutatnom.<\/p>\n<div id=\"attachment_2662\" style=\"width: 291px\" class=\"wp-caption aligncenter\"><a href=\"http:\/\/www.quiltingstudio.hu\/blog\/wp-content\/uploads\/2010\/12\/kisfoltos.jpg\"><img aria-describedby=\"caption-attachment-2662\" decoding=\"async\" loading=\"lazy\" class=\"size-medium wp-image-2662\" title=\"kisfoltos\" src=\"http:\/\/www.quiltingstudio.hu\/blog\/wp-content\/uploads\/2010\/12\/kisfoltos-281x300.jpg\" alt=\"foltos, mint...\" width=\"281\" height=\"300\" srcset=\"http:\/\/www.quiltingstudio.hu\/blog\/wp-content\/uploads\/2010\/12\/kisfoltos-281x300.jpg 281w, http:\/\/www.quiltingstudio.hu\/blog\/wp-content\/uploads\/2010\/12\/kisfoltos.jpg 800w\" sizes=\"(max-width: 281px) 100vw, 281px\" \/><\/a><p id=\"caption-attachment-2662\" class=\"wp-caption-text\">foltos, mint...<\/p><\/div>\n<p>Ebben nem az a nagy sz\u00e1m, hogy mit varrtam (na j\u00f3 az is az volt, tal\u00e1n m\u00e9g a ny\u00e1ron!), hanem hogy <strong>elk\u00e9sz\u00fclt<\/strong>!<!--more--><\/p>\n<p>Annyira fellelkes\u00edtett a horgolt feh\u00e9r p\u00e1rna, hogy eszembe jutott, van egy m\u00e1sik f\u00e9lk\u00e9sz is. Egy \u00fajabb UFO kiv\u00e9gezve!<\/p>\n<div id=\"attachment_2664\" style=\"width: 310px\" class=\"wp-caption aligncenter\"><a href=\"http:\/\/www.quiltingstudio.hu\/blog\/wp-content\/uploads\/2010\/12\/2parna.jpg\"><img aria-describedby=\"caption-attachment-2664\" decoding=\"async\" loading=\"lazy\" class=\"size-medium wp-image-2664\" title=\"2parna\" src=\"http:\/\/www.quiltingstudio.hu\/blog\/wp-content\/uploads\/2010\/12\/2parna-300x168.jpg\" alt=\"egym\u00e1s mellett\" width=\"300\" height=\"168\" srcset=\"http:\/\/www.quiltingstudio.hu\/blog\/wp-content\/uploads\/2010\/12\/2parna-300x168.jpg 300w, http:\/\/www.quiltingstudio.hu\/blog\/wp-content\/uploads\/2010\/12\/2parna.jpg 800w\" sizes=\"(max-width: 300px) 100vw, 300px\" \/><\/a><p id=\"caption-attachment-2664\" class=\"wp-caption-text\">egym\u00e1s mellett<\/p><\/div>\n<p>Sz\u00f3val ez egy \u00fan. cutwork h\u00edmz\u00e9sminta, amivel kicsit megdolgoztam annak idej\u00e9n. Ugyanis csak a m\u00e1sodik nekifut\u00e1sra siker\u00fclt. De most m\u00e1r \u00f6r\u00fcl\u00f6k neki, hogy nem adtam fel!<\/p>\n<div id=\"attachment_2665\" style=\"width: 310px\" class=\"wp-caption aligncenter\"><a href=\"http:\/\/www.quiltingstudio.hu\/blog\/wp-content\/uploads\/2010\/12\/kozeli.jpg\"><img aria-describedby=\"caption-attachment-2665\" decoding=\"async\" loading=\"lazy\" class=\"size-medium wp-image-2665\" title=\"kozeli\" src=\"http:\/\/www.quiltingstudio.hu\/blog\/wp-content\/uploads\/2010\/12\/kozeli-300x168.jpg\" alt=\"'cutwork' tulip\u00e1nok\" width=\"300\" height=\"168\" srcset=\"http:\/\/www.quiltingstudio.hu\/blog\/wp-content\/uploads\/2010\/12\/kozeli-300x168.jpg 300w, http:\/\/www.quiltingstudio.hu\/blog\/wp-content\/uploads\/2010\/12\/kozeli.jpg 800w\" sizes=\"(max-width: 300px) 100vw, 300px\" \/><\/a><p id=\"caption-attachment-2665\" class=\"wp-caption-text\">&#39;cutwork&#39; tulip\u00e1nok<\/p><\/div>\n<p>Saj\u00e1t festett anyag, azt hittem elrontottam, akkor nem voltam t\u0151le elragadtatva, de most m\u00e1r&#8230;<\/p>\n<p>A bels\u0151 p\u00e1rna sima, egyszer\u0171, feh\u00e9r leped\u0151 anyagb\u00f3l van\u00a0 \u00e9s nagyon j\u00f3, ahogy \u00e1tl\u00e1tszik.<\/p>\n<p>Pont j\u00f3 lesz a staf\u00edrunghoz :o)))<\/p>\n","protected":false},"excerpt":{"rendered":"<p>Ezt musz\u00e1j megmutatnom. Ebben nem az a nagy sz\u00e1m, hogy mit varrtam (na j\u00f3 az is az volt, tal\u00e1n m\u00e9g a ny\u00e1ron!), hanem hogy elk\u00e9sz\u00fclt!<\/p>\n","protected":false},"author":1,"featured_media":0,"comment_status":"open","ping_status":"closed","sticky":false,"template":"","format":"standard","meta":[],"categories":[3,4],"tags":[],"aioseo_notices":[],"views":2665,"_links":{"self":[{"href":"http:\/\/www.quiltingstudio.hu\/blog\/index.php?rest_route=\/wp\/v2\/posts\/2661"}],"collection":[{"href":"http:\/\/www.quiltingstudio.hu\/blog\/index.php?rest_route=\/wp\/v2\/posts"}],"about":[{"href":"http:\/\/www.quiltingstudio.hu\/blog\/index.php?rest_route=\/wp\/v2\/types\/post"}],"author":[{"embeddable":true,"href":"http:\/\/www.quiltingstudio.hu\/blog\/index.php?rest_route=\/wp\/v2\/users\/1"}],"replies":[{"embeddable":true,"href":"http:\/\/www.quiltingstudio.hu\/blog\/index.php?rest_route=%2Fwp%2Fv2%2Fcomments&post=2661"}],"version-history":[{"count":3,"href":"http:\/\/www.quiltingstudio.hu\/blog\/index.php?rest_route=\/wp\/v2\/posts\/2661\/revisions"}],"predecessor-version":[{"id":2668,"href":"http:\/\/www.quiltingstudio.hu\/blog\/index.php?rest_route=\/wp\/v2\/posts\/2661\/revisions\/2668"}],"wp:attachment":[{"href":"http:\/\/www.quiltingstudio.hu\/blog\/index.php?rest_route=%2Fwp%2Fv2%2Fmedia&parent=2661"}],"wp:term":[{"taxonomy":"category","embeddable":true,"href":"http:\/\/www.quiltingstudio.hu\/blog\/index.php?rest_route=%2Fwp%2Fv2%2Fcategories&post=2661"},{"taxonomy":"post_tag","embeddable":true,"href":"http:\/\/www.quiltingstudio.hu\/blog\/index.php?rest_route=%2Fwp%2Fv2%2Ftags&post=2661"}],"curies":[{"name":"wp","href":"https:\/\/api.w.org\/{rel}","templated":true}]}}