{"id":2669,"date":"2011-01-03T23:12:59","date_gmt":"2011-01-03T21:12:59","guid":{"rendered":"http:\/\/www.quiltingstudio.hu\/blog\/?p=2669"},"modified":"2011-01-03T23:12:59","modified_gmt":"2011-01-03T21:12:59","slug":"meg-karacsonyra-keszult","status":"publish","type":"post","link":"http:\/\/www.quiltingstudio.hu\/blog\/?p=2669","title":{"rendered":"M\u00e9g kar\u00e1csonyra k\u00e9sz\u00fclt&#8230;"},"content":{"rendered":"<div id=\"attachment_2670\" style=\"width: 310px\" class=\"wp-caption aligncenter\"><a href=\"http:\/\/www.quiltingstudio.hu\/blog\/wp-content\/uploads\/2011\/01\/kdisz.jpg\"><img aria-describedby=\"caption-attachment-2670\" decoding=\"async\" loading=\"lazy\" class=\"size-medium wp-image-2670\" title=\"kdisz\" src=\"http:\/\/www.quiltingstudio.hu\/blog\/wp-content\/uploads\/2011\/01\/kdisz-300x300.jpg\" alt=\"A g\u00f6mb ruh\u00e1ja\" width=\"300\" height=\"300\" srcset=\"http:\/\/www.quiltingstudio.hu\/blog\/wp-content\/uploads\/2011\/01\/kdisz-300x300.jpg 300w, http:\/\/www.quiltingstudio.hu\/blog\/wp-content\/uploads\/2011\/01\/kdisz-150x150.jpg 150w, http:\/\/www.quiltingstudio.hu\/blog\/wp-content\/uploads\/2011\/01\/kdisz.jpg 800w\" sizes=\"(max-width: 300px) 100vw, 300px\" \/><\/a><p id=\"caption-attachment-2670\" class=\"wp-caption-text\">A g\u00f6mb ruh\u00e1ja<\/p><\/div>\n<p>El\u0151sz\u00f6r is <strong>k\u00edv\u00e1nonk mindenkinek boldog \u00faj \u00e9vet<\/strong> \u00e9s sok zseni\u00e1lis \u00f6tletet ill. hozz\u00e1 m\u00e9g t\u00f6bb id\u0151t, hogy meg is tudj\u00e1tok azokat val\u00f3s\u00edtani!<\/p>\n<p>M\u00e1sodszor ez lett a sok-sok c\u00e9rn\u00e1b\u00f3l, amit h\u00edmeztem.<\/p>\n<p>Sajnos a szuper fot\u00f3mon :o))) nem l\u00e1tszanak a piros csepp alak\u00fa gy\u00f6ngy\u00f6k, amik az alj\u00e1n l\u00f3gnak.<\/p>\n","protected":false},"excerpt":{"rendered":"<p>El\u0151sz\u00f6r is k\u00edv\u00e1nonk mindenkinek boldog \u00faj \u00e9vet \u00e9s sok zseni\u00e1lis \u00f6tletet ill. hozz\u00e1 m\u00e9g t\u00f6bb id\u0151t, hogy meg is tudj\u00e1tok azokat val\u00f3s\u00edtani! M\u00e1sodszor ez lett a sok-sok c\u00e9rn\u00e1b\u00f3l, amit h\u00edmeztem. Sajnos a szuper fot\u00f3mon :o))) nem l\u00e1tszanak a piros csepp alak\u00fa gy\u00f6ngy\u00f6k, amik az alj\u00e1n l\u00f3gnak.<\/p>\n","protected":false},"author":1,"featured_media":0,"comment_status":"open","ping_status":"closed","sticky":false,"template":"","format":"standard","meta":[],"categories":[4],"tags":[],"aioseo_notices":[],"views":2201,"_links":{"self":[{"href":"http:\/\/www.quiltingstudio.hu\/blog\/index.php?rest_route=\/wp\/v2\/posts\/2669"}],"collection":[{"href":"http:\/\/www.quiltingstudio.hu\/blog\/index.php?rest_route=\/wp\/v2\/posts"}],"about":[{"href":"http:\/\/www.quiltingstudio.hu\/blog\/index.php?rest_route=\/wp\/v2\/types\/post"}],"author":[{"embeddable":true,"href":"http:\/\/www.quiltingstudio.hu\/blog\/index.php?rest_route=\/wp\/v2\/users\/1"}],"replies":[{"embeddable":true,"href":"http:\/\/www.quiltingstudio.hu\/blog\/index.php?rest_route=%2Fwp%2Fv2%2Fcomments&post=2669"}],"version-history":[{"count":4,"href":"http:\/\/www.quiltingstudio.hu\/blog\/index.php?rest_route=\/wp\/v2\/posts\/2669\/revisions"}],"predecessor-version":[{"id":2674,"href":"http:\/\/www.quiltingstudio.hu\/blog\/index.php?rest_route=\/wp\/v2\/posts\/2669\/revisions\/2674"}],"wp:attachment":[{"href":"http:\/\/www.quiltingstudio.hu\/blog\/index.php?rest_route=%2Fwp%2Fv2%2Fmedia&parent=2669"}],"wp:term":[{"taxonomy":"category","embeddable":true,"href":"http:\/\/www.quiltingstudio.hu\/blog\/index.php?rest_route=%2Fwp%2Fv2%2Fcategories&post=2669"},{"taxonomy":"post_tag","embeddable":true,"href":"http:\/\/www.quiltingstudio.hu\/blog\/index.php?rest_route=%2Fwp%2Fv2%2Ftags&post=2669"}],"curies":[{"name":"wp","href":"https:\/\/api.w.org\/{rel}","templated":true}]}}