{"id":2708,"date":"2011-03-01T20:00:18","date_gmt":"2011-03-01T18:00:18","guid":{"rendered":"http:\/\/www.quiltingstudio.hu\/blog\/?p=2708"},"modified":"2011-02-27T08:47:34","modified_gmt":"2011-02-27T06:47:34","slug":"februari-swap","status":"publish","type":"post","link":"http:\/\/www.quiltingstudio.hu\/blog\/?p=2708","title":{"rendered":"Febru\u00e1ri swap&#8230;"},"content":{"rendered":"<div id=\"attachment_2709\" style=\"width: 310px\" class=\"wp-caption aligncenter\"><a href=\"http:\/\/www.quiltingstudio.hu\/blog\/wp-content\/uploads\/2011\/01\/vasarely.jpg\"><img aria-describedby=\"caption-attachment-2709\" decoding=\"async\" loading=\"lazy\" class=\"size-medium wp-image-2709\" title=\"vasarely\" src=\"http:\/\/www.quiltingstudio.hu\/blog\/wp-content\/uploads\/2011\/01\/vasarely-300x300.jpg\" alt=\"febru\u00e1ri blokkom\" width=\"300\" height=\"300\" srcset=\"http:\/\/www.quiltingstudio.hu\/blog\/wp-content\/uploads\/2011\/01\/vasarely-300x300.jpg 300w, http:\/\/www.quiltingstudio.hu\/blog\/wp-content\/uploads\/2011\/01\/vasarely-150x150.jpg 150w, http:\/\/www.quiltingstudio.hu\/blog\/wp-content\/uploads\/2011\/01\/vasarely.jpg 800w\" sizes=\"(max-width: 300px) 100vw, 300px\" \/><\/a><p id=\"caption-attachment-2709\" class=\"wp-caption-text\">febru\u00e1ri blokkom<\/p><\/div>\n<p>Szeretn\u00e9m, ha magyar fest\u0151 is lenne a list\u00e1mon. Term\u00e9szetesen egyb\u0151l Viktor Vasarelyre (V\u00e1s\u00e1rhelyi Gy\u0151z\u0151re) gondoltam.<\/p>\n<p>Ezt m\u00e9g felismerhet\u0151en meg lehet varrni. Ha m\u00e9g egy ilyen k\u00e9pet varrn\u00e9k , m\u00e1r m\u00e1shogyan csin\u00e1ln\u00e1m. De azt hiszem ezzel sokan vagyunk \u00edgy. Er\u0151sen foglalkoztat a gondolat egy m\u00e1sik Vasarelys k\u00e9pet is k\u00e9sz\u00edteni. Megl\u00e1tjuk majd, mihez lesz ihletem.:o)))<\/p>\n<p>Az\u00f3ta m\u00e1r ez a k\u00e9p el is jutott az egyik cserepartnerhez, N\u00e9metorsz\u00e1gba.<\/p>\n","protected":false},"excerpt":{"rendered":"<p>Szeretn\u00e9m, ha magyar fest\u0151 is lenne a list\u00e1mon. Term\u00e9szetesen egyb\u0151l Viktor Vasarelyre (V\u00e1s\u00e1rhelyi Gy\u0151z\u0151re) gondoltam. Ezt m\u00e9g felismerhet\u0151en meg lehet varrni. Ha m\u00e9g egy ilyen k\u00e9pet varrn\u00e9k , m\u00e1r m\u00e1shogyan csin\u00e1ln\u00e1m. De azt hiszem ezzel sokan vagyunk \u00edgy. Er\u0151sen foglalkoztat a gondolat egy m\u00e1sik Vasarelys k\u00e9pet is k\u00e9sz\u00edteni. Megl\u00e1tjuk majd, mihez lesz ihletem.:o))) Az\u00f3ta m\u00e1r [&hellip;]<\/p>\n","protected":false},"author":1,"featured_media":0,"comment_status":"open","ping_status":"closed","sticky":false,"template":"","format":"standard","meta":[],"categories":[3,14],"tags":[],"aioseo_notices":[],"views":1879,"_links":{"self":[{"href":"http:\/\/www.quiltingstudio.hu\/blog\/index.php?rest_route=\/wp\/v2\/posts\/2708"}],"collection":[{"href":"http:\/\/www.quiltingstudio.hu\/blog\/index.php?rest_route=\/wp\/v2\/posts"}],"about":[{"href":"http:\/\/www.quiltingstudio.hu\/blog\/index.php?rest_route=\/wp\/v2\/types\/post"}],"author":[{"embeddable":true,"href":"http:\/\/www.quiltingstudio.hu\/blog\/index.php?rest_route=\/wp\/v2\/users\/1"}],"replies":[{"embeddable":true,"href":"http:\/\/www.quiltingstudio.hu\/blog\/index.php?rest_route=%2Fwp%2Fv2%2Fcomments&post=2708"}],"version-history":[{"count":5,"href":"http:\/\/www.quiltingstudio.hu\/blog\/index.php?rest_route=\/wp\/v2\/posts\/2708\/revisions"}],"predecessor-version":[{"id":2783,"href":"http:\/\/www.quiltingstudio.hu\/blog\/index.php?rest_route=\/wp\/v2\/posts\/2708\/revisions\/2783"}],"wp:attachment":[{"href":"http:\/\/www.quiltingstudio.hu\/blog\/index.php?rest_route=%2Fwp%2Fv2%2Fmedia&parent=2708"}],"wp:term":[{"taxonomy":"category","embeddable":true,"href":"http:\/\/www.quiltingstudio.hu\/blog\/index.php?rest_route=%2Fwp%2Fv2%2Fcategories&post=2708"},{"taxonomy":"post_tag","embeddable":true,"href":"http:\/\/www.quiltingstudio.hu\/blog\/index.php?rest_route=%2Fwp%2Fv2%2Ftags&post=2708"}],"curies":[{"name":"wp","href":"https:\/\/api.w.org\/{rel}","templated":true}]}}