{"id":2719,"date":"2011-02-01T10:35:34","date_gmt":"2011-02-01T08:35:34","guid":{"rendered":"http:\/\/www.quiltingstudio.hu\/blog\/?p=2719"},"modified":"2011-02-01T10:35:34","modified_gmt":"2011-02-01T08:35:34","slug":"idei-elso-viragunk","status":"publish","type":"post","link":"http:\/\/www.quiltingstudio.hu\/blog\/?p=2719","title":{"rendered":"Idei els\u0151 vir\u00e1gunk&#8230;"},"content":{"rendered":"<div id=\"attachment_2720\" style=\"width: 206px\" class=\"wp-caption aligncenter\"><a href=\"http:\/\/www.quiltingstudio.hu\/blog\/wp-content\/uploads\/2011\/01\/papucs_orchi3jpg.jpg\"><img aria-describedby=\"caption-attachment-2720\" decoding=\"async\" loading=\"lazy\" class=\"size-medium wp-image-2720\" title=\"papucs_orchi3jpg\" src=\"http:\/\/www.quiltingstudio.hu\/blog\/wp-content\/uploads\/2011\/01\/papucs_orchi3jpg-196x300.jpg\" alt=\"kezdet-bimb\u00f3\" width=\"196\" height=\"300\" srcset=\"http:\/\/www.quiltingstudio.hu\/blog\/wp-content\/uploads\/2011\/01\/papucs_orchi3jpg-196x300.jpg 196w, http:\/\/www.quiltingstudio.hu\/blog\/wp-content\/uploads\/2011\/01\/papucs_orchi3jpg.jpg 664w\" sizes=\"(max-width: 196px) 100vw, 196px\" \/><\/a><p id=\"caption-attachment-2720\" class=\"wp-caption-text\">kezdet-bimb\u00f3<\/p><\/div>\n<p>Az \u00e9v elej\u00e9n kezdte&#8230; \u00e9s tartotta sakkban a csal\u00e1dot. Azaz minden nap figyelt\u00fck \u00e9s felt\u00f6lt\u00f6tt f\u00e9nyk\u00e9pez\u0151vel v\u00e1rtuk a fejlem\u00e9nyeket. Ez az orchidea m\u00e9g nem vir\u00e1gzott n\u00e1lunk, ez\u00e9rt nagyobb volt az izgalom, vajon milyen lesz a vir\u00e1g.<\/p>\n<p><!--more--><\/p>\n<div id=\"attachment_2721\" style=\"width: 262px\" class=\"wp-caption aligncenter\"><a href=\"http:\/\/www.quiltingstudio.hu\/blog\/wp-content\/uploads\/2011\/01\/papucs_orchi2.jpg\"><img aria-describedby=\"caption-attachment-2721\" decoding=\"async\" loading=\"lazy\" class=\"size-medium wp-image-2721\" title=\"papucs_orchi2\" src=\"http:\/\/www.quiltingstudio.hu\/blog\/wp-content\/uploads\/2011\/01\/papucs_orchi2-252x300.jpg\" alt=\"kiny\u00edlt\" width=\"252\" height=\"300\" srcset=\"http:\/\/www.quiltingstudio.hu\/blog\/wp-content\/uploads\/2011\/01\/papucs_orchi2-252x300.jpg 252w, http:\/\/www.quiltingstudio.hu\/blog\/wp-content\/uploads\/2011\/01\/papucs_orchi2.jpg 800w\" sizes=\"(max-width: 252px) 100vw, 252px\" \/><\/a><p id=\"caption-attachment-2721\" class=\"wp-caption-text\">kiny\u00edlt<\/p><\/div>\n<p>Azt\u00e1n v\u00e9gre csak megmutatta mag\u00e1t. Elcs\u00edpt\u00fcnk egy pici kis naps\u00fct\u00e9st, \u00edgy mennyivel szebb!<\/p>\n<div id=\"attachment_2722\" style=\"width: 234px\" class=\"wp-caption aligncenter\"><a href=\"http:\/\/www.quiltingstudio.hu\/blog\/wp-content\/uploads\/2011\/01\/papucs_orchi1.jpg\"><img aria-describedby=\"caption-attachment-2722\" decoding=\"async\" loading=\"lazy\" class=\"size-medium wp-image-2722\" title=\"papucs_orchi1\" src=\"http:\/\/www.quiltingstudio.hu\/blog\/wp-content\/uploads\/2011\/01\/papucs_orchi1-224x300.jpg\" alt=\"teljes sz\u00e9ps\u00e9g\u00e9ben\" width=\"224\" height=\"300\" srcset=\"http:\/\/www.quiltingstudio.hu\/blog\/wp-content\/uploads\/2011\/01\/papucs_orchi1-224x300.jpg 224w, http:\/\/www.quiltingstudio.hu\/blog\/wp-content\/uploads\/2011\/01\/papucs_orchi1-767x1024.jpg 767w, http:\/\/www.quiltingstudio.hu\/blog\/wp-content\/uploads\/2011\/01\/papucs_orchi1.jpg 800w\" sizes=\"(max-width: 224px) 100vw, 224px\" \/><\/a><p id=\"caption-attachment-2722\" class=\"wp-caption-text\">teljes sz\u00e9ps\u00e9g\u00e9ben<\/p><\/div>\n<p>Ugyanez a vir\u00e1g k\u00f6zelr\u0151l, mintha m\u0171anyag lenne, pedig dehogy!<\/p>\n<div id=\"attachment_2723\" style=\"width: 310px\" class=\"wp-caption aligncenter\"><a href=\"http:\/\/www.quiltingstudio.hu\/blog\/wp-content\/uploads\/2011\/01\/lila-_orchi.jpg\"><img aria-describedby=\"caption-attachment-2723\" decoding=\"async\" loading=\"lazy\" class=\"size-medium wp-image-2723\" title=\"lila-_orchi\" src=\"http:\/\/www.quiltingstudio.hu\/blog\/wp-content\/uploads\/2011\/01\/lila-_orchi-300x225.jpg\" alt=\"nincs egyed\u00fcl\" width=\"300\" height=\"225\" srcset=\"http:\/\/www.quiltingstudio.hu\/blog\/wp-content\/uploads\/2011\/01\/lila-_orchi-300x225.jpg 300w, http:\/\/www.quiltingstudio.hu\/blog\/wp-content\/uploads\/2011\/01\/lila-_orchi.jpg 800w\" sizes=\"(max-width: 300px) 100vw, 300px\" \/><\/a><p id=\"caption-attachment-2723\" class=\"wp-caption-text\">lila lepk\u00e9k<\/p><\/div>\n<p>K\u00f6zben ez is kiny\u00edlt. Sajnos mivel az \u00faj f\u00e9nyk\u00e9pez\u0151nk <em>f\u00fcstbe ment<\/em>&#8230;a r\u00e9givel k\u00e9sz\u00edtett\u00fck a k\u00e9peket. De ennek a sz\u00ednei\u00a0 nem t\u00f6k\u00e9letesek, azaz ennyire nem lil\u00e1k. Val\u00f3sz\u00edn\u0171 szeg\u00e9nyt a h\u00e1tt\u00e9r nagyon megzavarta.<\/p>\n","protected":false},"excerpt":{"rendered":"<p>Az \u00e9v elej\u00e9n kezdte&#8230; \u00e9s tartotta sakkban a csal\u00e1dot. Azaz minden nap figyelt\u00fck \u00e9s felt\u00f6lt\u00f6tt f\u00e9nyk\u00e9pez\u0151vel v\u00e1rtuk a fejlem\u00e9nyeket. Ez az orchidea m\u00e9g nem vir\u00e1gzott n\u00e1lunk, ez\u00e9rt nagyobb volt az izgalom, vajon milyen lesz a vir\u00e1g.<\/p>\n","protected":false},"author":1,"featured_media":0,"comment_status":"open","ping_status":"closed","sticky":false,"template":"","format":"standard","meta":[],"categories":[8],"tags":[],"aioseo_notices":[],"views":1850,"_links":{"self":[{"href":"http:\/\/www.quiltingstudio.hu\/blog\/index.php?rest_route=\/wp\/v2\/posts\/2719"}],"collection":[{"href":"http:\/\/www.quiltingstudio.hu\/blog\/index.php?rest_route=\/wp\/v2\/posts"}],"about":[{"href":"http:\/\/www.quiltingstudio.hu\/blog\/index.php?rest_route=\/wp\/v2\/types\/post"}],"author":[{"embeddable":true,"href":"http:\/\/www.quiltingstudio.hu\/blog\/index.php?rest_route=\/wp\/v2\/users\/1"}],"replies":[{"embeddable":true,"href":"http:\/\/www.quiltingstudio.hu\/blog\/index.php?rest_route=%2Fwp%2Fv2%2Fcomments&post=2719"}],"version-history":[{"count":4,"href":"http:\/\/www.quiltingstudio.hu\/blog\/index.php?rest_route=\/wp\/v2\/posts\/2719\/revisions"}],"predecessor-version":[{"id":2730,"href":"http:\/\/www.quiltingstudio.hu\/blog\/index.php?rest_route=\/wp\/v2\/posts\/2719\/revisions\/2730"}],"wp:attachment":[{"href":"http:\/\/www.quiltingstudio.hu\/blog\/index.php?rest_route=%2Fwp%2Fv2%2Fmedia&parent=2719"}],"wp:term":[{"taxonomy":"category","embeddable":true,"href":"http:\/\/www.quiltingstudio.hu\/blog\/index.php?rest_route=%2Fwp%2Fv2%2Fcategories&post=2719"},{"taxonomy":"post_tag","embeddable":true,"href":"http:\/\/www.quiltingstudio.hu\/blog\/index.php?rest_route=%2Fwp%2Fv2%2Ftags&post=2719"}],"curies":[{"name":"wp","href":"https:\/\/api.w.org\/{rel}","templated":true}]}}