{"id":2801,"date":"2011-03-16T22:36:25","date_gmt":"2011-03-16T20:36:25","guid":{"rendered":"http:\/\/www.quiltingstudio.hu\/blog\/?p=2801"},"modified":"2011-03-16T22:36:25","modified_gmt":"2011-03-16T20:36:25","slug":"csikok-meg-mindig-lellere","status":"publish","type":"post","link":"http:\/\/www.quiltingstudio.hu\/blog\/?p=2801","title":{"rendered":"Cs\u00edkok, m\u00e9g mindig Lell\u00e9re&#8230;"},"content":{"rendered":"<p>Nem volt el\u00e9g a cs\u00edkokb\u00f3l, meg a n\u00e9gy napban r\u00e1 is \u00e9rtem, \u00edgy m\u00e9g k\u00e9sz\u00edtettem p\u00e1rat. Neki\u00e1lltam \u00e9s \u00e1tv\u00e1logattam az anyagokat, j\u00f6hetett minden fekete-feh\u00e9r \u00e9s sz\u00fcrk\u00e9s \u00e1rnyalat, ill. ezek a gy\u00f6ny\u00f6r\u0171 tenger k\u00e9kek.<\/p>\n<div id=\"attachment_2802\" style=\"width: 310px\" class=\"wp-caption aligncenter\"><a href=\"http:\/\/www.quiltingstudio.hu\/blog\/wp-content\/uploads\/2011\/03\/kezdetek.jpg\"><img aria-describedby=\"caption-attachment-2802\" decoding=\"async\" loading=\"lazy\" class=\"size-medium wp-image-2802\" title=\"kezdetek\" src=\"http:\/\/www.quiltingstudio.hu\/blog\/wp-content\/uploads\/2011\/03\/kezdetek-300x290.jpg\" alt=\"kezdet\" width=\"300\" height=\"290\" srcset=\"http:\/\/www.quiltingstudio.hu\/blog\/wp-content\/uploads\/2011\/03\/kezdetek-300x290.jpg 300w, http:\/\/www.quiltingstudio.hu\/blog\/wp-content\/uploads\/2011\/03\/kezdetek.jpg 799w\" sizes=\"(max-width: 300px) 100vw, 300px\" \/><\/a><p id=\"caption-attachment-2802\" class=\"wp-caption-text\">A kezdet<\/p><\/div>\n<p>Na, ebb\u0151l mi lesz?<\/p>\n<p>Csak rakosgatom, teszem ide-oda a darabokat, h\u00e1tha kis\u00fcl bel\u0151le valami \u00e9rtelmes.<!--more--><\/p>\n<div id=\"attachment_2803\" style=\"width: 310px\" class=\"wp-caption aligncenter\"><a href=\"http:\/\/www.quiltingstudio.hu\/blog\/wp-content\/uploads\/2011\/03\/felkesz.jpg\"><img aria-describedby=\"caption-attachment-2803\" decoding=\"async\" loading=\"lazy\" class=\"size-medium wp-image-2803\" title=\"felkesz\" src=\"http:\/\/www.quiltingstudio.hu\/blog\/wp-content\/uploads\/2011\/03\/felkesz-300x253.jpg\" alt=\"F\u00e9lig k\u00e9sz\" width=\"300\" height=\"253\" srcset=\"http:\/\/www.quiltingstudio.hu\/blog\/wp-content\/uploads\/2011\/03\/felkesz-300x253.jpg 300w, http:\/\/www.quiltingstudio.hu\/blog\/wp-content\/uploads\/2011\/03\/felkesz.jpg 800w\" sizes=\"(max-width: 300px) 100vw, 300px\" \/><\/a><p id=\"caption-attachment-2803\" class=\"wp-caption-text\">F\u00e9lig k\u00e9sz<\/p><\/div>\n<p>Ez az elrendez\u00e9s t\u0171nt eddig a legjobbnak.<\/p>\n<div id=\"attachment_2804\" style=\"width: 310px\" class=\"wp-caption aligncenter\"><a href=\"http:\/\/www.quiltingstudio.hu\/blog\/wp-content\/uploads\/2011\/03\/osszevarrva.jpg\"><img aria-describedby=\"caption-attachment-2804\" decoding=\"async\" loading=\"lazy\" class=\"size-medium wp-image-2804\" title=\"osszevarrva\" src=\"http:\/\/www.quiltingstudio.hu\/blog\/wp-content\/uploads\/2011\/03\/osszevarrva-300x235.jpg\" alt=\"\u00f6sszevarrva\" width=\"300\" height=\"235\" srcset=\"http:\/\/www.quiltingstudio.hu\/blog\/wp-content\/uploads\/2011\/03\/osszevarrva-300x235.jpg 300w, http:\/\/www.quiltingstudio.hu\/blog\/wp-content\/uploads\/2011\/03\/osszevarrva.jpg 800w\" sizes=\"(max-width: 300px) 100vw, 300px\" \/><\/a><p id=\"caption-attachment-2804\" class=\"wp-caption-text\">\u00d6sszevarrva<\/p><\/div>\n<p>D\u00f6nt\u00f6ttem \u00e9s egyb\u0151l \u00f6ssze is varrtam. Nekem nagyon tetszett a fekete-feh\u00e9r-sz\u00fcrke \u00e9s ez a hirtelen k\u00e9k \u00f6ssze\u00e1ll\u00edt\u00e1s.<\/p>\n<p>De ugye ez \u00edgy kev\u00e9s, valami m\u00e9g kell. Meg a k\u00e9p is el\u00e9g kicsi, h\u00e1t kital\u00e1ltam neki egy keretet.<\/p>\n<p>K\u00e9p m\u00e9g nincs r\u00f3la, legk\u00f6zelebb mutatom. :o)))<\/p>\n<p><em>De egy kis cs\u00edkos anyag az\u00e9rt ebben is van!<\/em><\/p>\n","protected":false},"excerpt":{"rendered":"<p>Nem volt el\u00e9g a cs\u00edkokb\u00f3l, meg a n\u00e9gy napban r\u00e1 is \u00e9rtem, \u00edgy m\u00e9g k\u00e9sz\u00edtettem p\u00e1rat. Neki\u00e1lltam \u00e9s \u00e1tv\u00e1logattam az anyagokat, j\u00f6hetett minden fekete-feh\u00e9r \u00e9s sz\u00fcrk\u00e9s \u00e1rnyalat, ill. ezek a gy\u00f6ny\u00f6r\u0171 tenger k\u00e9kek. Na, ebb\u0151l mi lesz? Csak rakosgatom, teszem ide-oda a darabokat, h\u00e1tha kis\u00fcl bel\u0151le valami \u00e9rtelmes.<\/p>\n","protected":false},"author":1,"featured_media":0,"comment_status":"open","ping_status":"closed","sticky":false,"template":"","format":"standard","meta":[],"categories":[3],"tags":[],"aioseo_notices":[],"views":2130,"_links":{"self":[{"href":"http:\/\/www.quiltingstudio.hu\/blog\/index.php?rest_route=\/wp\/v2\/posts\/2801"}],"collection":[{"href":"http:\/\/www.quiltingstudio.hu\/blog\/index.php?rest_route=\/wp\/v2\/posts"}],"about":[{"href":"http:\/\/www.quiltingstudio.hu\/blog\/index.php?rest_route=\/wp\/v2\/types\/post"}],"author":[{"embeddable":true,"href":"http:\/\/www.quiltingstudio.hu\/blog\/index.php?rest_route=\/wp\/v2\/users\/1"}],"replies":[{"embeddable":true,"href":"http:\/\/www.quiltingstudio.hu\/blog\/index.php?rest_route=%2Fwp%2Fv2%2Fcomments&post=2801"}],"version-history":[{"count":4,"href":"http:\/\/www.quiltingstudio.hu\/blog\/index.php?rest_route=\/wp\/v2\/posts\/2801\/revisions"}],"predecessor-version":[{"id":2808,"href":"http:\/\/www.quiltingstudio.hu\/blog\/index.php?rest_route=\/wp\/v2\/posts\/2801\/revisions\/2808"}],"wp:attachment":[{"href":"http:\/\/www.quiltingstudio.hu\/blog\/index.php?rest_route=%2Fwp%2Fv2%2Fmedia&parent=2801"}],"wp:term":[{"taxonomy":"category","embeddable":true,"href":"http:\/\/www.quiltingstudio.hu\/blog\/index.php?rest_route=%2Fwp%2Fv2%2Fcategories&post=2801"},{"taxonomy":"post_tag","embeddable":true,"href":"http:\/\/www.quiltingstudio.hu\/blog\/index.php?rest_route=%2Fwp%2Fv2%2Ftags&post=2801"}],"curies":[{"name":"wp","href":"https:\/\/api.w.org\/{rel}","templated":true}]}}