{"id":2810,"date":"2011-03-20T21:44:55","date_gmt":"2011-03-20T19:44:55","guid":{"rendered":"http:\/\/www.quiltingstudio.hu\/blog\/?p=2810"},"modified":"2011-03-20T21:44:55","modified_gmt":"2011-03-20T19:44:55","slug":"elkeszult-2","status":"publish","type":"post","link":"http:\/\/www.quiltingstudio.hu\/blog\/?p=2810","title":{"rendered":"Elk\u00e9sz\u00fclt&#8230;"},"content":{"rendered":"<div id=\"attachment_2809\" style=\"width: 286px\" class=\"wp-caption aligncenter\"><a href=\"http:\/\/www.quiltingstudio.hu\/blog\/wp-content\/uploads\/2011\/03\/kekseg.jpg\"><img aria-describedby=\"caption-attachment-2809\" decoding=\"async\" loading=\"lazy\" class=\"size-medium wp-image-2809\" title=\"kekseg\" src=\"http:\/\/www.quiltingstudio.hu\/blog\/wp-content\/uploads\/2011\/03\/kekseg-276x300.jpg\" alt=\"A nagy k\u00e9ks\u00e9g\" width=\"276\" height=\"300\" srcset=\"http:\/\/www.quiltingstudio.hu\/blog\/wp-content\/uploads\/2011\/03\/kekseg-276x300.jpg 276w, http:\/\/www.quiltingstudio.hu\/blog\/wp-content\/uploads\/2011\/03\/kekseg.jpg 800w\" sizes=\"(max-width: 276px) 100vw, 276px\" \/><\/a><p id=\"caption-attachment-2809\" class=\"wp-caption-text\">A nagy k\u00e9ks\u00e9g<\/p><\/div>\n<p>H\u00e1t ez kerekedett (vagy egyenesedett ) ki bel\u0151le.<\/p>\n<p>A bels\u0151 k\u00e9p kapott egy semleges sz\u00fcrke keretet.<\/p>\n<p>Hogy ne legyen olyan unalmas, egy p\u00e1r k\u00f6rrel \u00e9s a fekete \u00e1rny\u00e9kk\u00e9ppel t\u00f6rtem meg a katon\u00e1s rendet, fegyelmet.<\/p>\n<p>A c\u00edme lehetne <em><strong>k\u00f6t\u0151d\u00e9s<\/strong><\/em> vagy \u00e9pp ellenkez\u0151leg: <em><strong>elszakad\u00e1s<\/strong><\/em>. :o)))<\/p>\n<p>Ez az els\u0151 olyan k\u00e9pem, ahol a fekete-feh\u00e9r anyagokat haszn\u00e1ltam +1 sz\u00edn. Ilyesmit k\u00e9pzeltem v\u00e9geredm\u00e9nynek!<\/p>\n","protected":false},"excerpt":{"rendered":"<p>H\u00e1t ez kerekedett (vagy egyenesedett ) ki bel\u0151le. A bels\u0151 k\u00e9p kapott egy semleges sz\u00fcrke keretet. Hogy ne legyen olyan unalmas, egy p\u00e1r k\u00f6rrel \u00e9s a fekete \u00e1rny\u00e9kk\u00e9ppel t\u00f6rtem meg a katon\u00e1s rendet, fegyelmet. A c\u00edme lehetne k\u00f6t\u0151d\u00e9s vagy \u00e9pp ellenkez\u0151leg: elszakad\u00e1s. :o))) Ez az els\u0151 olyan k\u00e9pem, ahol a fekete-feh\u00e9r anyagokat haszn\u00e1ltam +1 sz\u00edn. [&hellip;]<\/p>\n","protected":false},"author":1,"featured_media":0,"comment_status":"open","ping_status":"closed","sticky":false,"template":"","format":"standard","meta":[],"categories":[3],"tags":[],"aioseo_notices":[],"views":2192,"_links":{"self":[{"href":"http:\/\/www.quiltingstudio.hu\/blog\/index.php?rest_route=\/wp\/v2\/posts\/2810"}],"collection":[{"href":"http:\/\/www.quiltingstudio.hu\/blog\/index.php?rest_route=\/wp\/v2\/posts"}],"about":[{"href":"http:\/\/www.quiltingstudio.hu\/blog\/index.php?rest_route=\/wp\/v2\/types\/post"}],"author":[{"embeddable":true,"href":"http:\/\/www.quiltingstudio.hu\/blog\/index.php?rest_route=\/wp\/v2\/users\/1"}],"replies":[{"embeddable":true,"href":"http:\/\/www.quiltingstudio.hu\/blog\/index.php?rest_route=%2Fwp%2Fv2%2Fcomments&post=2810"}],"version-history":[{"count":5,"href":"http:\/\/www.quiltingstudio.hu\/blog\/index.php?rest_route=\/wp\/v2\/posts\/2810\/revisions"}],"predecessor-version":[{"id":2815,"href":"http:\/\/www.quiltingstudio.hu\/blog\/index.php?rest_route=\/wp\/v2\/posts\/2810\/revisions\/2815"}],"wp:attachment":[{"href":"http:\/\/www.quiltingstudio.hu\/blog\/index.php?rest_route=%2Fwp%2Fv2%2Fmedia&parent=2810"}],"wp:term":[{"taxonomy":"category","embeddable":true,"href":"http:\/\/www.quiltingstudio.hu\/blog\/index.php?rest_route=%2Fwp%2Fv2%2Fcategories&post=2810"},{"taxonomy":"post_tag","embeddable":true,"href":"http:\/\/www.quiltingstudio.hu\/blog\/index.php?rest_route=%2Fwp%2Fv2%2Ftags&post=2810"}],"curies":[{"name":"wp","href":"https:\/\/api.w.org\/{rel}","templated":true}]}}