{"id":2816,"date":"2011-03-27T13:22:15","date_gmt":"2011-03-27T11:22:15","guid":{"rendered":"http:\/\/www.quiltingstudio.hu\/blog\/?p=2816"},"modified":"2011-03-27T13:22:15","modified_gmt":"2011-03-27T11:22:15","slug":"rend-a-lelke","status":"publish","type":"post","link":"http:\/\/www.quiltingstudio.hu\/blog\/?p=2816","title":{"rendered":"Rend a lelke&#8230;"},"content":{"rendered":"<div id=\"attachment_2817\" style=\"width: 310px\" class=\"wp-caption aligncenter\"><a href=\"http:\/\/www.quiltingstudio.hu\/blog\/wp-content\/uploads\/2011\/03\/fiokbelso.jpg\"><img aria-describedby=\"caption-attachment-2817\" decoding=\"async\" loading=\"lazy\" class=\"size-medium wp-image-2817\" title=\"fiokbelso\" src=\"http:\/\/www.quiltingstudio.hu\/blog\/wp-content\/uploads\/2011\/03\/fiokbelso-300x177.jpg\" alt=\"Rend\" width=\"300\" height=\"177\" srcset=\"http:\/\/www.quiltingstudio.hu\/blog\/wp-content\/uploads\/2011\/03\/fiokbelso-300x177.jpg 300w, http:\/\/www.quiltingstudio.hu\/blog\/wp-content\/uploads\/2011\/03\/fiokbelso.jpg 801w\" sizes=\"(max-width: 300px) 100vw, 300px\" \/><\/a><p id=\"caption-attachment-2817\" class=\"wp-caption-text\">Rend<\/p><\/div>\n<p>Vas\u00e1rnap van \u00e9s ma is voltam felfedez\u0151 \u00faton.<\/p>\n<p>M\u00e1r meg\u00e9rte kor\u00e1n kelni, hiszen ezt tal\u00e1ltam. Ez egy f\u00e1b\u00f3l k\u00e9sz\u00fclt \u00e1ll\u00edthat\u00f3 fi\u00f3kbels\u0151, ami most m\u00e1r a lehet\u0151 legjobb helyen van, a varr\u00f3g\u00e9pem mellett. M\u00e1r r\u00e9gen volt ilyen rend n\u00e1lam!<!--more--><\/p>\n<div id=\"attachment_2818\" style=\"width: 178px\" class=\"wp-caption aligncenter\"><a href=\"http:\/\/www.quiltingstudio.hu\/blog\/wp-content\/uploads\/2011\/03\/rend1.jpg\"><img aria-describedby=\"caption-attachment-2818\" decoding=\"async\" loading=\"lazy\" class=\"size-medium wp-image-2818\" title=\"rend1\" src=\"http:\/\/www.quiltingstudio.hu\/blog\/wp-content\/uploads\/2011\/03\/rend1-168x300.jpg\" alt=\"Minden a hely\u00e9n\" width=\"168\" height=\"300\" srcset=\"http:\/\/www.quiltingstudio.hu\/blog\/wp-content\/uploads\/2011\/03\/rend1-168x300.jpg 168w, http:\/\/www.quiltingstudio.hu\/blog\/wp-content\/uploads\/2011\/03\/rend1-576x1024.jpg 576w, http:\/\/www.quiltingstudio.hu\/blog\/wp-content\/uploads\/2011\/03\/rend1.jpg 800w\" sizes=\"(max-width: 168px) 100vw, 168px\" \/><\/a><p id=\"caption-attachment-2818\" class=\"wp-caption-text\">Minden a hely\u00e9n<\/p><\/div>\n<p>Nem is hittem volna, hogy minden, ami itt a kupiban volt (\u00e9s j\u00f3 nagy halom volt!) elf\u00e9r ebben a dobozban. A tetej\u00e9n a kis t\u00e1rol\u00f3 dobozka eltolhat\u00f3, \u00edgy k\u00f6nnyen hozz\u00e1f\u00e9rek az alatta l\u00e9v\u0151 rekeszekben l\u00e9v\u0151 c\u00e9rn\u00e1k hoz is.<\/p>\n<div id=\"attachment_2819\" style=\"width: 310px\" class=\"wp-caption aligncenter\"><a href=\"http:\/\/www.quiltingstudio.hu\/blog\/wp-content\/uploads\/2011\/03\/rend2.jpg\"><img aria-describedby=\"caption-attachment-2819\" decoding=\"async\" loading=\"lazy\" class=\"size-medium wp-image-2819\" title=\"rend2\" src=\"http:\/\/www.quiltingstudio.hu\/blog\/wp-content\/uploads\/2011\/03\/rend2-300x168.jpg\" alt=\"el\u0151b\u00fajtak a c\u00e9rn\u00e1k\" width=\"300\" height=\"168\" srcset=\"http:\/\/www.quiltingstudio.hu\/blog\/wp-content\/uploads\/2011\/03\/rend2-300x168.jpg 300w, http:\/\/www.quiltingstudio.hu\/blog\/wp-content\/uploads\/2011\/03\/rend2.jpg 800w\" sizes=\"(max-width: 300px) 100vw, 300px\" \/><\/a><p id=\"caption-attachment-2819\" class=\"wp-caption-text\">el\u0151b\u00fajtak a c\u00e9rn\u00e1k<\/p><\/div>\n<p>Nagyon tetszik \u00e9s \u00e9lvezem, hogy ekkora rend lett. Hihetetlen, hogy p\u00e1r sz\u00e1z forint el\u00e9g a boldogs\u00e1ghoz!!:o)))<\/p>\n","protected":false},"excerpt":{"rendered":"<p>Vas\u00e1rnap van \u00e9s ma is voltam felfedez\u0151 \u00faton. M\u00e1r meg\u00e9rte kor\u00e1n kelni, hiszen ezt tal\u00e1ltam. Ez egy f\u00e1b\u00f3l k\u00e9sz\u00fclt \u00e1ll\u00edthat\u00f3 fi\u00f3kbels\u0151, ami most m\u00e1r a lehet\u0151 legjobb helyen van, a varr\u00f3g\u00e9pem mellett. M\u00e1r r\u00e9gen volt ilyen rend n\u00e1lam!<\/p>\n","protected":false},"author":1,"featured_media":0,"comment_status":"open","ping_status":"closed","sticky":false,"template":"","format":"standard","meta":[],"categories":[10],"tags":[],"aioseo_notices":[],"views":2814,"_links":{"self":[{"href":"http:\/\/www.quiltingstudio.hu\/blog\/index.php?rest_route=\/wp\/v2\/posts\/2816"}],"collection":[{"href":"http:\/\/www.quiltingstudio.hu\/blog\/index.php?rest_route=\/wp\/v2\/posts"}],"about":[{"href":"http:\/\/www.quiltingstudio.hu\/blog\/index.php?rest_route=\/wp\/v2\/types\/post"}],"author":[{"embeddable":true,"href":"http:\/\/www.quiltingstudio.hu\/blog\/index.php?rest_route=\/wp\/v2\/users\/1"}],"replies":[{"embeddable":true,"href":"http:\/\/www.quiltingstudio.hu\/blog\/index.php?rest_route=%2Fwp%2Fv2%2Fcomments&post=2816"}],"version-history":[{"count":2,"href":"http:\/\/www.quiltingstudio.hu\/blog\/index.php?rest_route=\/wp\/v2\/posts\/2816\/revisions"}],"predecessor-version":[{"id":2821,"href":"http:\/\/www.quiltingstudio.hu\/blog\/index.php?rest_route=\/wp\/v2\/posts\/2816\/revisions\/2821"}],"wp:attachment":[{"href":"http:\/\/www.quiltingstudio.hu\/blog\/index.php?rest_route=%2Fwp%2Fv2%2Fmedia&parent=2816"}],"wp:term":[{"taxonomy":"category","embeddable":true,"href":"http:\/\/www.quiltingstudio.hu\/blog\/index.php?rest_route=%2Fwp%2Fv2%2Fcategories&post=2816"},{"taxonomy":"post_tag","embeddable":true,"href":"http:\/\/www.quiltingstudio.hu\/blog\/index.php?rest_route=%2Fwp%2Fv2%2Ftags&post=2816"}],"curies":[{"name":"wp","href":"https:\/\/api.w.org\/{rel}","templated":true}]}}