{"id":2822,"date":"2011-04-12T06:44:20","date_gmt":"2011-04-12T04:44:20","guid":{"rendered":"http:\/\/www.quiltingstudio.hu\/blog\/?p=2822"},"modified":"2011-04-12T06:44:20","modified_gmt":"2011-04-12T04:44:20","slug":"csikokbol-terito","status":"publish","type":"post","link":"http:\/\/www.quiltingstudio.hu\/blog\/?p=2822","title":{"rendered":"Cs\u00edkokb\u00f3l ter\u00edt\u0151&#8230;"},"content":{"rendered":"<p>avagy a &#8222;k\u00e1rtyatr\u00fckk&#8221; minta dupl\u00e1n.<\/p>\n<div id=\"attachment_2823\" style=\"width: 310px\" class=\"wp-caption aligncenter\"><a href=\"http:\/\/www.quiltingstudio.hu\/blog\/wp-content\/uploads\/2011\/04\/terito.jpg\"><img aria-describedby=\"caption-attachment-2823\" decoding=\"async\" loading=\"lazy\" class=\"size-medium wp-image-2823\" title=\"terito\" src=\"http:\/\/www.quiltingstudio.hu\/blog\/wp-content\/uploads\/2011\/04\/terito-300x279.jpg\" alt=\"Fekete-feh\u00e9r ter\u00edt\u0151\" width=\"300\" height=\"279\" srcset=\"http:\/\/www.quiltingstudio.hu\/blog\/wp-content\/uploads\/2011\/04\/terito-300x279.jpg 300w, http:\/\/www.quiltingstudio.hu\/blog\/wp-content\/uploads\/2011\/04\/terito.jpg 801w\" sizes=\"(max-width: 300px) 100vw, 300px\" \/><\/a><p id=\"caption-attachment-2823\" class=\"wp-caption-text\">Fekete-feh\u00e9r ter\u00edt\u0151<\/p><\/div>\n<p>Ez els\u0151 nekifut\u00e1sra sokkal egyszer\u0171bbnek n\u00e9z ki, mint amilyen val\u00f3ban. Vagy csak nekem nem ment annyira egyszer\u0171en, na de elk\u00e9sz\u00fclt. Itt m\u00e9g f\u00e9lk\u00e9sz, az\u00f3ta siker\u00fclt befejeznem. A marad\u00e9k fekete-feh\u00e9r anyagok \u00e9s az interneten l\u00e1tott k\u00e9pek inspir\u00e1ltak erre. <!--more--><\/p>\n<div id=\"attachment_2825\" style=\"width: 310px\" class=\"wp-caption aligncenter\"><a href=\"http:\/\/www.quiltingstudio.hu\/blog\/wp-content\/uploads\/2011\/04\/terito2.jpg\"><img aria-describedby=\"caption-attachment-2825\" decoding=\"async\" loading=\"lazy\" class=\"size-medium wp-image-2825\" title=\"terito2\" src=\"http:\/\/www.quiltingstudio.hu\/blog\/wp-content\/uploads\/2011\/04\/terito2-300x296.jpg\" alt=\"d\u00edsz\u00edtve\" width=\"300\" height=\"296\" srcset=\"http:\/\/www.quiltingstudio.hu\/blog\/wp-content\/uploads\/2011\/04\/terito2-300x296.jpg 300w, http:\/\/www.quiltingstudio.hu\/blog\/wp-content\/uploads\/2011\/04\/terito2.jpg 801w\" sizes=\"(max-width: 300px) 100vw, 300px\" \/><\/a><p id=\"caption-attachment-2825\" class=\"wp-caption-text\">d\u00edsz\u00edtve<\/p><\/div>\n<p>Mindegyik sarokba ker\u00fclt egy kis fagy\u00f6ngy minta, ragaszt\u00f3s applik\u00e1ci\u00f3.<\/p>\n<p>K\u00e9sz\u00fclt hozz\u00e1 m\u00e9g a marad\u00e9kokb\u00f3l egy t\u00e1lal\u00e1t\u00e9t, vagy &#8230;..ki minek haszn\u00e1ln\u00e1.<\/p>\n<div id=\"attachment_2826\" style=\"width: 310px\" class=\"wp-caption aligncenter\"><a href=\"http:\/\/www.quiltingstudio.hu\/blog\/wp-content\/uploads\/2011\/04\/terito3.jpg\"><img aria-describedby=\"caption-attachment-2826\" decoding=\"async\" loading=\"lazy\" class=\"size-medium wp-image-2826\" title=\"terito3\" src=\"http:\/\/www.quiltingstudio.hu\/blog\/wp-content\/uploads\/2011\/04\/terito3-300x296.jpg\" alt=\"S\u00e1rga mint\u00e1val\" width=\"300\" height=\"296\" srcset=\"http:\/\/www.quiltingstudio.hu\/blog\/wp-content\/uploads\/2011\/04\/terito3-300x296.jpg 300w, http:\/\/www.quiltingstudio.hu\/blog\/wp-content\/uploads\/2011\/04\/terito3.jpg 801w\" sizes=\"(max-width: 300px) 100vw, 300px\" \/><\/a><p id=\"caption-attachment-2826\" class=\"wp-caption-text\">S\u00e1rga mint\u00e1val<\/p><\/div>\n<p>Egyre jobban tetszik ez a sok fekete-feh\u00e9r (B&amp;W)\u00a0 anyag egy sz\u00ednnel megbolond\u00edtva!<\/p>\n","protected":false},"excerpt":{"rendered":"<p>avagy a &#8222;k\u00e1rtyatr\u00fckk&#8221; minta dupl\u00e1n. Ez els\u0151 nekifut\u00e1sra sokkal egyszer\u0171bbnek n\u00e9z ki, mint amilyen val\u00f3ban. Vagy csak nekem nem ment annyira egyszer\u0171en, na de elk\u00e9sz\u00fclt. Itt m\u00e9g f\u00e9lk\u00e9sz, az\u00f3ta siker\u00fclt befejeznem. A marad\u00e9k fekete-feh\u00e9r anyagok \u00e9s az interneten l\u00e1tott k\u00e9pek inspir\u00e1ltak erre.<\/p>\n","protected":false},"author":1,"featured_media":0,"comment_status":"open","ping_status":"closed","sticky":false,"template":"","format":"standard","meta":[],"categories":[3],"tags":[],"aioseo_notices":[],"views":2224,"_links":{"self":[{"href":"http:\/\/www.quiltingstudio.hu\/blog\/index.php?rest_route=\/wp\/v2\/posts\/2822"}],"collection":[{"href":"http:\/\/www.quiltingstudio.hu\/blog\/index.php?rest_route=\/wp\/v2\/posts"}],"about":[{"href":"http:\/\/www.quiltingstudio.hu\/blog\/index.php?rest_route=\/wp\/v2\/types\/post"}],"author":[{"embeddable":true,"href":"http:\/\/www.quiltingstudio.hu\/blog\/index.php?rest_route=\/wp\/v2\/users\/1"}],"replies":[{"embeddable":true,"href":"http:\/\/www.quiltingstudio.hu\/blog\/index.php?rest_route=%2Fwp%2Fv2%2Fcomments&post=2822"}],"version-history":[{"count":3,"href":"http:\/\/www.quiltingstudio.hu\/blog\/index.php?rest_route=\/wp\/v2\/posts\/2822\/revisions"}],"predecessor-version":[{"id":2828,"href":"http:\/\/www.quiltingstudio.hu\/blog\/index.php?rest_route=\/wp\/v2\/posts\/2822\/revisions\/2828"}],"wp:attachment":[{"href":"http:\/\/www.quiltingstudio.hu\/blog\/index.php?rest_route=%2Fwp%2Fv2%2Fmedia&parent=2822"}],"wp:term":[{"taxonomy":"category","embeddable":true,"href":"http:\/\/www.quiltingstudio.hu\/blog\/index.php?rest_route=%2Fwp%2Fv2%2Fcategories&post=2822"},{"taxonomy":"post_tag","embeddable":true,"href":"http:\/\/www.quiltingstudio.hu\/blog\/index.php?rest_route=%2Fwp%2Fv2%2Ftags&post=2822"}],"curies":[{"name":"wp","href":"https:\/\/api.w.org\/{rel}","templated":true}]}}