{"id":2829,"date":"2011-04-12T06:52:02","date_gmt":"2011-04-12T04:52:02","guid":{"rendered":"http:\/\/www.quiltingstudio.hu\/blog\/?p=2829"},"modified":"2011-04-12T06:52:02","modified_gmt":"2011-04-12T04:52:02","slug":"tihanyrol-kicsit","status":"publish","type":"post","link":"http:\/\/www.quiltingstudio.hu\/blog\/?p=2829","title":{"rendered":"Tihanyr\u00f3l kicsit&#8230;"},"content":{"rendered":"<div id=\"attachment_2831\" style=\"width: 249px\" class=\"wp-caption aligncenter\"><a href=\"http:\/\/www.quiltingstudio.hu\/blog\/wp-content\/uploads\/2011\/04\/polo_ajandek1.jpg\"><img aria-describedby=\"caption-attachment-2831\" decoding=\"async\" loading=\"lazy\" class=\"size-medium wp-image-2831\" title=\"polo_ajandek1\" src=\"http:\/\/www.quiltingstudio.hu\/blog\/wp-content\/uploads\/2011\/04\/polo_ajandek1-239x300.jpg\" alt=\"Egy kis eml\u00e9k\" width=\"239\" height=\"300\" srcset=\"http:\/\/www.quiltingstudio.hu\/blog\/wp-content\/uploads\/2011\/04\/polo_ajandek1-239x300.jpg 239w, http:\/\/www.quiltingstudio.hu\/blog\/wp-content\/uploads\/2011\/04\/polo_ajandek1.jpg 663w\" sizes=\"(max-width: 239px) 100vw, 239px\" \/><\/a><p id=\"caption-attachment-2831\" class=\"wp-caption-text\">Egy kis eml\u00e9k<\/p><\/div>\n<p>Az \u00e9n tombola aj\u00e1nd\u00e9kom volt ez a p\u00f3l\u00f3. Sajnos egyre nehezebb kital\u00e1lni valami olyant, ami m\u00e9g nem volt, vagy amit nem k\u00e9sz\u00edtenek a l\u00e1nyok t\u00f6meg\u00e9vel.<\/p>\n<p>Nekem ez jutott eszembe, mert mostan\u00e1ban egyre t\u00f6bbet foglalkozom az applik\u00e1ci\u00f3kkal. Ez egy NEGAT\u00cdV applik\u00e1ci\u00f3. Nekem nagyon tetszik. A mint\u00e1t is \u00e9n szerkesztettem, majd h\u00edmz\u0151g\u00e9ppel h\u00edmeztem r\u00e1.<\/p>\n<p>Mondtam m\u00e1r, hogy nagyon szeretem a batikolt anyagokat?!<\/p>\n","protected":false},"excerpt":{"rendered":"<p>Az \u00e9n tombola aj\u00e1nd\u00e9kom volt ez a p\u00f3l\u00f3. Sajnos egyre nehezebb kital\u00e1lni valami olyant, ami m\u00e9g nem volt, vagy amit nem k\u00e9sz\u00edtenek a l\u00e1nyok t\u00f6meg\u00e9vel. Nekem ez jutott eszembe, mert mostan\u00e1ban egyre t\u00f6bbet foglalkozom az applik\u00e1ci\u00f3kkal. Ez egy NEGAT\u00cdV applik\u00e1ci\u00f3. Nekem nagyon tetszik. A mint\u00e1t is \u00e9n szerkesztettem, majd h\u00edmz\u0151g\u00e9ppel h\u00edmeztem r\u00e1. Mondtam m\u00e1r, hogy [&hellip;]<\/p>\n","protected":false},"author":1,"featured_media":0,"comment_status":"open","ping_status":"closed","sticky":false,"template":"","format":"standard","meta":[],"categories":[4],"tags":[],"aioseo_notices":[],"views":2642,"_links":{"self":[{"href":"http:\/\/www.quiltingstudio.hu\/blog\/index.php?rest_route=\/wp\/v2\/posts\/2829"}],"collection":[{"href":"http:\/\/www.quiltingstudio.hu\/blog\/index.php?rest_route=\/wp\/v2\/posts"}],"about":[{"href":"http:\/\/www.quiltingstudio.hu\/blog\/index.php?rest_route=\/wp\/v2\/types\/post"}],"author":[{"embeddable":true,"href":"http:\/\/www.quiltingstudio.hu\/blog\/index.php?rest_route=\/wp\/v2\/users\/1"}],"replies":[{"embeddable":true,"href":"http:\/\/www.quiltingstudio.hu\/blog\/index.php?rest_route=%2Fwp%2Fv2%2Fcomments&post=2829"}],"version-history":[{"count":2,"href":"http:\/\/www.quiltingstudio.hu\/blog\/index.php?rest_route=\/wp\/v2\/posts\/2829\/revisions"}],"predecessor-version":[{"id":2833,"href":"http:\/\/www.quiltingstudio.hu\/blog\/index.php?rest_route=\/wp\/v2\/posts\/2829\/revisions\/2833"}],"wp:attachment":[{"href":"http:\/\/www.quiltingstudio.hu\/blog\/index.php?rest_route=%2Fwp%2Fv2%2Fmedia&parent=2829"}],"wp:term":[{"taxonomy":"category","embeddable":true,"href":"http:\/\/www.quiltingstudio.hu\/blog\/index.php?rest_route=%2Fwp%2Fv2%2Fcategories&post=2829"},{"taxonomy":"post_tag","embeddable":true,"href":"http:\/\/www.quiltingstudio.hu\/blog\/index.php?rest_route=%2Fwp%2Fv2%2Ftags&post=2829"}],"curies":[{"name":"wp","href":"https:\/\/api.w.org\/{rel}","templated":true}]}}