{"id":2835,"date":"2011-04-12T07:02:55","date_gmt":"2011-04-12T05:02:55","guid":{"rendered":"http:\/\/www.quiltingstudio.hu\/blog\/?p=2835"},"modified":"2011-04-12T07:02:55","modified_gmt":"2011-04-12T05:02:55","slug":"tihany-tanfolyam","status":"publish","type":"post","link":"http:\/\/www.quiltingstudio.hu\/blog\/?p=2835","title":{"rendered":"Tihany- tanfolyam&#8230;"},"content":{"rendered":"<div id=\"attachment_2834\" style=\"width: 310px\" class=\"wp-caption aligncenter\"><a href=\"http:\/\/www.quiltingstudio.hu\/blog\/wp-content\/uploads\/2011\/04\/korbargello.jpg\"><img aria-describedby=\"caption-attachment-2834\" decoding=\"async\" loading=\"lazy\" class=\"size-medium wp-image-2834\" title=\"korbargello\" src=\"http:\/\/www.quiltingstudio.hu\/blog\/wp-content\/uploads\/2011\/04\/korbargello-300x290.jpg\" alt=\"\u00cdme a k\u00f6rbargellom\" width=\"300\" height=\"290\" srcset=\"http:\/\/www.quiltingstudio.hu\/blog\/wp-content\/uploads\/2011\/04\/korbargello-300x290.jpg 300w, http:\/\/www.quiltingstudio.hu\/blog\/wp-content\/uploads\/2011\/04\/korbargello.jpg 801w\" sizes=\"(max-width: 300px) 100vw, 300px\" \/><\/a><p id=\"caption-attachment-2834\" class=\"wp-caption-text\">\u00cdme a k\u00f6rbargellom<\/p><\/div>\n<p><a href=\"http:\/\/beszand.blogspot.com\/\" target=\"_blank\"> Andi<\/a> tanfolyam\u00e1n k\u00e9sz\u00fclt ez a &#8222;remekm\u0171&#8221;, azaz egy k\u00f6rbargello.<\/p>\n<p>Eddig siker\u00fclt eljutnom. M\u00e9g nem tudom mi lesz bel\u0151le, lehet egy ter\u00edt\u0151, hisz \u00fagy adja mag\u00e1t. Mivel a szab\u00e1skor dupl\u00e1n keletkeznek a cikkekek, azt a vari\u00e1ci\u00f3t is \u00f6ssze fogom varrni \u00e9s majd mutatom. Mi\u00e9rt van olyan \u00e9rz\u00e9sem, mintha ez\u00a0 egy nagy p\u00f3kh\u00e1l\u00f3 lenne? Tegyek a k\u00f6zep\u00e9be egy p\u00f3kot?!\u00a0 :o))) A tanfolyam nagyon j\u00f3 volt, \u00fagy vettem \u00e9szre egyed\u00fcli neh\u00e9zs\u00e9get a sz\u00ednek megfelel\u0151 csoportos\u00edt\u00e1sa okozta a l\u00e1nyoknak. Ez\u00e9rt van, hogy n\u00e9h\u00e1nyan eddig sem jutottak el.<\/p>\n<p>\u00c9n \u00e9lveztem, m\u00e9g fogok hasonl\u00f3t varrni!<\/p>\n","protected":false},"excerpt":{"rendered":"<p>Andi tanfolyam\u00e1n k\u00e9sz\u00fclt ez a &#8222;remekm\u0171&#8221;, azaz egy k\u00f6rbargello. Eddig siker\u00fclt eljutnom. M\u00e9g nem tudom mi lesz bel\u0151le, lehet egy ter\u00edt\u0151, hisz \u00fagy adja mag\u00e1t. Mivel a szab\u00e1skor dupl\u00e1n keletkeznek a cikkekek, azt a vari\u00e1ci\u00f3t is \u00f6ssze fogom varrni \u00e9s majd mutatom. Mi\u00e9rt van olyan \u00e9rz\u00e9sem, mintha ez\u00a0 egy nagy p\u00f3kh\u00e1l\u00f3 lenne? Tegyek a k\u00f6zep\u00e9be [&hellip;]<\/p>\n","protected":false},"author":1,"featured_media":0,"comment_status":"open","ping_status":"closed","sticky":false,"template":"","format":"standard","meta":[],"categories":[3],"tags":[],"aioseo_notices":[],"views":1906,"_links":{"self":[{"href":"http:\/\/www.quiltingstudio.hu\/blog\/index.php?rest_route=\/wp\/v2\/posts\/2835"}],"collection":[{"href":"http:\/\/www.quiltingstudio.hu\/blog\/index.php?rest_route=\/wp\/v2\/posts"}],"about":[{"href":"http:\/\/www.quiltingstudio.hu\/blog\/index.php?rest_route=\/wp\/v2\/types\/post"}],"author":[{"embeddable":true,"href":"http:\/\/www.quiltingstudio.hu\/blog\/index.php?rest_route=\/wp\/v2\/users\/1"}],"replies":[{"embeddable":true,"href":"http:\/\/www.quiltingstudio.hu\/blog\/index.php?rest_route=%2Fwp%2Fv2%2Fcomments&post=2835"}],"version-history":[{"count":3,"href":"http:\/\/www.quiltingstudio.hu\/blog\/index.php?rest_route=\/wp\/v2\/posts\/2835\/revisions"}],"predecessor-version":[{"id":2838,"href":"http:\/\/www.quiltingstudio.hu\/blog\/index.php?rest_route=\/wp\/v2\/posts\/2835\/revisions\/2838"}],"wp:attachment":[{"href":"http:\/\/www.quiltingstudio.hu\/blog\/index.php?rest_route=%2Fwp%2Fv2%2Fmedia&parent=2835"}],"wp:term":[{"taxonomy":"category","embeddable":true,"href":"http:\/\/www.quiltingstudio.hu\/blog\/index.php?rest_route=%2Fwp%2Fv2%2Fcategories&post=2835"},{"taxonomy":"post_tag","embeddable":true,"href":"http:\/\/www.quiltingstudio.hu\/blog\/index.php?rest_route=%2Fwp%2Fv2%2Ftags&post=2835"}],"curies":[{"name":"wp","href":"https:\/\/api.w.org\/{rel}","templated":true}]}}