{"id":2980,"date":"2011-06-06T10:15:27","date_gmt":"2011-06-06T08:15:27","guid":{"rendered":"http:\/\/www.quiltingstudio.hu\/blog\/?p=2980"},"modified":"2011-06-06T10:15:27","modified_gmt":"2011-06-06T08:15:27","slug":"skorpiok-szinek-kontrasztok","status":"publish","type":"post","link":"http:\/\/www.quiltingstudio.hu\/blog\/?p=2980","title":{"rendered":"Skorpi\u00f3k, sz\u00ednek, kontrasztok&#8230;"},"content":{"rendered":"<p>&#8230; \u00e9s evvel szinte mindent el is mondtam. K\u00e9sz\u00fcl\u00f6k a k\u00f6vetkez\u0151 t\u00e1borra, Lell\u00e9re.<\/p>\n<div id=\"attachment_2981\" style=\"width: 291px\" class=\"wp-caption aligncenter\"><a href=\"http:\/\/www.quiltingstudio.hu\/blog\/wp-content\/uploads\/2011\/06\/scorpions.jpg\"><img aria-describedby=\"caption-attachment-2981\" decoding=\"async\" loading=\"lazy\" class=\"size-medium wp-image-2981\" title=\"scorpions\" src=\"http:\/\/www.quiltingstudio.hu\/blog\/wp-content\/uploads\/2011\/06\/scorpions-281x300.jpg\" alt=\"hull\u00e1mok\" width=\"281\" height=\"300\" srcset=\"http:\/\/www.quiltingstudio.hu\/blog\/wp-content\/uploads\/2011\/06\/scorpions-281x300.jpg 281w, http:\/\/www.quiltingstudio.hu\/blog\/wp-content\/uploads\/2011\/06\/scorpions.jpg 565w\" sizes=\"(max-width: 281px) 100vw, 281px\" \/><\/a><p id=\"caption-attachment-2981\" class=\"wp-caption-text\">hull\u00e1mok<\/p><\/div>\n<p>J\u00f3l elj\u00e1tszottam vele, b\u00e1r m\u00e1r nem \u00edgy t\u0171zn\u00e9m le. Benne van\u00a0 minden, a kis cs\u00edkos anyagom, t\u0171z\u00e9s, stb.<\/p>\n<p><!--more--><\/p>\n<div id=\"attachment_2982\" style=\"width: 310px\" class=\"wp-caption aligncenter\"><a href=\"http:\/\/www.quiltingstudio.hu\/blog\/wp-content\/uploads\/2011\/06\/scorpions2.jpg\"><img aria-describedby=\"caption-attachment-2982\" decoding=\"async\" loading=\"lazy\" class=\"size-medium wp-image-2982\" title=\"scorpions2\" src=\"http:\/\/www.quiltingstudio.hu\/blog\/wp-content\/uploads\/2011\/06\/scorpions2-300x285.jpg\" alt=\"\u00faj sablonnal\" width=\"300\" height=\"285\" srcset=\"http:\/\/www.quiltingstudio.hu\/blog\/wp-content\/uploads\/2011\/06\/scorpions2-300x285.jpg 300w, http:\/\/www.quiltingstudio.hu\/blog\/wp-content\/uploads\/2011\/06\/scorpions2-1024x974.jpg 1024w, http:\/\/www.quiltingstudio.hu\/blog\/wp-content\/uploads\/2011\/06\/scorpions2.jpg 1100w\" sizes=\"(max-width: 300px) 100vw, 300px\" \/><\/a><p id=\"caption-attachment-2982\" class=\"wp-caption-text\">\u00faj sablonnal<\/p><\/div>\n<p>Nem egy hatalmas m\u0171, de nem is akartam m\u00e1r nagyobbakat gy\u00e1rtani, hiszen csak &#8216;vitaind\u00edt\u00f3nak&#8217;\u00a0 sz\u00e1ntam.<\/p>\n<p>Egyre t\u00f6bb olyan quiltem van, ami egy technika bemutat\u00e1s\u00e1ra k\u00e9sz\u00fclt, \u00e9s csak gy\u0171lnek, csak gy\u0171lnek&#8230;. :o)))<\/p>\n","protected":false},"excerpt":{"rendered":"<p>&#8230; \u00e9s evvel szinte mindent el is mondtam. K\u00e9sz\u00fcl\u00f6k a k\u00f6vetkez\u0151 t\u00e1borra, Lell\u00e9re. J\u00f3l elj\u00e1tszottam vele, b\u00e1r m\u00e1r nem \u00edgy t\u0171zn\u00e9m le. Benne van\u00a0 minden, a kis cs\u00edkos anyagom, t\u0171z\u00e9s, stb.<\/p>\n","protected":false},"author":1,"featured_media":0,"comment_status":"open","ping_status":"closed","sticky":false,"template":"","format":"standard","meta":[],"categories":[3],"tags":[],"aioseo_notices":[],"views":2415,"_links":{"self":[{"href":"http:\/\/www.quiltingstudio.hu\/blog\/index.php?rest_route=\/wp\/v2\/posts\/2980"}],"collection":[{"href":"http:\/\/www.quiltingstudio.hu\/blog\/index.php?rest_route=\/wp\/v2\/posts"}],"about":[{"href":"http:\/\/www.quiltingstudio.hu\/blog\/index.php?rest_route=\/wp\/v2\/types\/post"}],"author":[{"embeddable":true,"href":"http:\/\/www.quiltingstudio.hu\/blog\/index.php?rest_route=\/wp\/v2\/users\/1"}],"replies":[{"embeddable":true,"href":"http:\/\/www.quiltingstudio.hu\/blog\/index.php?rest_route=%2Fwp%2Fv2%2Fcomments&post=2980"}],"version-history":[{"count":3,"href":"http:\/\/www.quiltingstudio.hu\/blog\/index.php?rest_route=\/wp\/v2\/posts\/2980\/revisions"}],"predecessor-version":[{"id":2985,"href":"http:\/\/www.quiltingstudio.hu\/blog\/index.php?rest_route=\/wp\/v2\/posts\/2980\/revisions\/2985"}],"wp:attachment":[{"href":"http:\/\/www.quiltingstudio.hu\/blog\/index.php?rest_route=%2Fwp%2Fv2%2Fmedia&parent=2980"}],"wp:term":[{"taxonomy":"category","embeddable":true,"href":"http:\/\/www.quiltingstudio.hu\/blog\/index.php?rest_route=%2Fwp%2Fv2%2Fcategories&post=2980"},{"taxonomy":"post_tag","embeddable":true,"href":"http:\/\/www.quiltingstudio.hu\/blog\/index.php?rest_route=%2Fwp%2Fv2%2Ftags&post=2980"}],"curies":[{"name":"wp","href":"https:\/\/api.w.org\/{rel}","templated":true}]}}