{"id":2986,"date":"2011-06-08T11:56:41","date_gmt":"2011-06-08T09:56:41","guid":{"rendered":"http:\/\/www.quiltingstudio.hu\/blog\/?p=2986"},"modified":"2011-06-08T11:56:41","modified_gmt":"2011-06-08T09:56:41","slug":"ismet-egy-kis-kirandulas2kereken","status":"publish","type":"post","link":"http:\/\/www.quiltingstudio.hu\/blog\/?p=2986","title":{"rendered":"Ism\u00e9t egy kis kir\u00e1ndul\u00e1s&#8230;(2ker\u00e9ken)"},"content":{"rendered":"<div id=\"attachment_2987\" style=\"width: 310px\" class=\"wp-caption aligncenter\"><a href=\"http:\/\/www.quiltingstudio.hu\/blog\/wp-content\/uploads\/2011\/06\/felsobejarat.jpg\"><img aria-describedby=\"caption-attachment-2987\" decoding=\"async\" loading=\"lazy\" class=\"size-medium wp-image-2987\" title=\"felsobejarat\" src=\"http:\/\/www.quiltingstudio.hu\/blog\/wp-content\/uploads\/2011\/06\/felsobejarat-300x227.jpg\" alt=\"Fels\u0151 bej\u00e1rat\" width=\"300\" height=\"227\" srcset=\"http:\/\/www.quiltingstudio.hu\/blog\/wp-content\/uploads\/2011\/06\/felsobejarat-300x227.jpg 300w, http:\/\/www.quiltingstudio.hu\/blog\/wp-content\/uploads\/2011\/06\/felsobejarat-1024x776.jpg 1024w, http:\/\/www.quiltingstudio.hu\/blog\/wp-content\/uploads\/2011\/06\/felsobejarat.jpg 1100w\" sizes=\"(max-width: 300px) 100vw, 300px\" \/><\/a><p id=\"caption-attachment-2987\" class=\"wp-caption-text\">Fels\u0151 bej\u00e1rat<\/p><\/div>\n<p>A m\u00faltkori besz\u00e1mol\u00f3b\u00f3l kimaradt egy\u00a0 k\u00e9t \u00e9rdekess\u00e9g, most megpr\u00f3b\u00e1lom p\u00f3tolni. (persze a teljess\u00e9g ig\u00e9nye n\u00e9lk\u00fcl) Mivel az id\u0151 remek volt biciklizni, k\u00f6rbej\u00e1rtuk a szok\u00e1sos kis t\u00far\u00e1nkat, de most igyekeztem m\u00e1st vagy m\u00e1s sz\u00f6gb\u0151l lef\u00e9nyk\u00e9pezni.<!--more--><\/p>\n<p>Kezdem mindj\u00e1rt az \u00e1llatkerttel. T\u00f6bb bej\u00e1rata is van, ezen a k\u00e9pen a fels\u0151 (Erdei Vend\u00e9gl\u0151 melletti) bej\u00e1rata.<\/p>\n<div id=\"attachment_2988\" style=\"width: 310px\" class=\"wp-caption aligncenter\"><a href=\"http:\/\/www.quiltingstudio.hu\/blog\/wp-content\/uploads\/2011\/06\/gulyadbejarat.jpg\"><img aria-describedby=\"caption-attachment-2988\" decoding=\"async\" loading=\"lazy\" class=\"size-medium wp-image-2988\" title=\"gulyadbejarat\" src=\"http:\/\/www.quiltingstudio.hu\/blog\/wp-content\/uploads\/2011\/06\/gulyadbejarat-300x210.jpg\" alt=\"Gulyadombi bej\u00e1rat\" width=\"300\" height=\"210\" srcset=\"http:\/\/www.quiltingstudio.hu\/blog\/wp-content\/uploads\/2011\/06\/gulyadbejarat-300x210.jpg 300w, http:\/\/www.quiltingstudio.hu\/blog\/wp-content\/uploads\/2011\/06\/gulyadbejarat-1024x719.jpg 1024w, http:\/\/www.quiltingstudio.hu\/blog\/wp-content\/uploads\/2011\/06\/gulyadbejarat.jpg 1099w\" sizes=\"(max-width: 300px) 100vw, 300px\" \/><\/a><p id=\"caption-attachment-2988\" class=\"wp-caption-text\">Gulyadombi bej\u00e1rat<\/p><\/div>\n<p>Ha m\u00e1r itt j\u00e1rtunk, elgurultunk a fenti m\u00e1sik bej\u00e1rathoz. Innen lehet az \u00fajonnan \u00e9p\u00fclt Afrika h\u00e1zhoz eljutni.<\/p>\n<div id=\"attachment_2989\" style=\"width: 310px\" class=\"wp-caption aligncenter\"><a href=\"http:\/\/www.quiltingstudio.hu\/blog\/wp-content\/uploads\/2011\/06\/afrikahaz.jpg\"><img aria-describedby=\"caption-attachment-2989\" decoding=\"async\" loading=\"lazy\" class=\"size-medium wp-image-2989\" title=\"afrikahaz\" src=\"http:\/\/www.quiltingstudio.hu\/blog\/wp-content\/uploads\/2011\/06\/afrikahaz-300x168.jpg\" alt=\"Afrika h\u00e1z\" width=\"300\" height=\"168\" srcset=\"http:\/\/www.quiltingstudio.hu\/blog\/wp-content\/uploads\/2011\/06\/afrikahaz-300x168.jpg 300w, http:\/\/www.quiltingstudio.hu\/blog\/wp-content\/uploads\/2011\/06\/afrikahaz-1024x575.jpg 1024w, http:\/\/www.quiltingstudio.hu\/blog\/wp-content\/uploads\/2011\/06\/afrikahaz.jpg 1099w\" sizes=\"(max-width: 300px) 100vw, 300px\" \/><\/a><p id=\"caption-attachment-2989\" class=\"wp-caption-text\">Afrika h\u00e1z<\/p><\/div>\n<p>Ennyi l\u00e1tszik a ker\u00edt\u00e9sen k\u00edv\u00fclr\u0151l.<\/p>\n<div id=\"attachment_2991\" style=\"width: 216px\" class=\"wp-caption aligncenter\"><a href=\"http:\/\/www.quiltingstudio.hu\/blog\/wp-content\/uploads\/2011\/06\/kiskilato.jpg\"><img aria-describedby=\"caption-attachment-2991\" decoding=\"async\" loading=\"lazy\" class=\"size-medium wp-image-2991\" title=\"kiskilato\" src=\"http:\/\/www.quiltingstudio.hu\/blog\/wp-content\/uploads\/2011\/06\/kiskilato-206x300.jpg\" alt=\"A kis kil\u00e1t\u00f3\" width=\"206\" height=\"300\" srcset=\"http:\/\/www.quiltingstudio.hu\/blog\/wp-content\/uploads\/2011\/06\/kiskilato-206x300.jpg 206w, http:\/\/www.quiltingstudio.hu\/blog\/wp-content\/uploads\/2011\/06\/kiskilato-704x1024.jpg 704w, http:\/\/www.quiltingstudio.hu\/blog\/wp-content\/uploads\/2011\/06\/kiskilato.jpg 1099w\" sizes=\"(max-width: 206px) 100vw, 206px\" \/><\/a><p id=\"caption-attachment-2991\" class=\"wp-caption-text\">A kis kil\u00e1t\u00f3<\/p><\/div>\n<p>A kedvenc\u00fcnk itt a tanp\u00e1ly\u00e1kon bolyongani, egyik kil\u00e1t\u00f3t\u00f3l a m\u00e1sikig, meg \u00f6sszevissza&#8230;<\/p>\n<div id=\"attachment_2995\" style=\"width: 310px\" class=\"wp-caption aligncenter\"><a href=\"http:\/\/www.quiltingstudio.hu\/blog\/wp-content\/uploads\/2011\/06\/volgyfentrol.jpg\"><img aria-describedby=\"caption-attachment-2995\" decoding=\"async\" loading=\"lazy\" class=\"size-medium wp-image-2995\" title=\"volgyfentrol\" src=\"http:\/\/www.quiltingstudio.hu\/blog\/wp-content\/uploads\/2011\/06\/volgyfentrol-300x168.jpg\" alt=\"fentr\u0151l\" width=\"300\" height=\"168\" srcset=\"http:\/\/www.quiltingstudio.hu\/blog\/wp-content\/uploads\/2011\/06\/volgyfentrol-300x168.jpg 300w, http:\/\/www.quiltingstudio.hu\/blog\/wp-content\/uploads\/2011\/06\/volgyfentrol-1024x575.jpg 1024w, http:\/\/www.quiltingstudio.hu\/blog\/wp-content\/uploads\/2011\/06\/volgyfentrol.jpg 1099w\" sizes=\"(max-width: 300px) 100vw, 300px\" \/><\/a><p id=\"caption-attachment-2995\" class=\"wp-caption-text\">fentr\u0151l<\/p><\/div>\n<p>Fentr\u0151l a Betekints V\u00f6lgyben a sz\u00e9pen rendbe hozott t\u00f3.<\/p>\n<p>Valamikor hajdan\u00e1n ilyen volt ez a k\u00f6rny\u00e9k,\u00a0 (csak tal\u00e1ltam n\u00e9h\u00e1ny r\u00e9gi k\u00e9pet!) a cs\u00f3nak\u00e1z\u00f3 t\u00f3. Most csak a kacs\u00e1k \u00faszk\u00e1lnak benne.<\/p>\n<div id=\"attachment_2996\" style=\"width: 310px\" class=\"wp-caption aligncenter\"><a href=\"http:\/\/www.quiltingstudio.hu\/blog\/wp-content\/uploads\/2011\/06\/veszprem-csonakazoto.jpg\"><img aria-describedby=\"caption-attachment-2996\" decoding=\"async\" loading=\"lazy\" class=\"size-medium wp-image-2996\" title=\"veszprem-csonakazoto\" src=\"http:\/\/www.quiltingstudio.hu\/blog\/wp-content\/uploads\/2011\/06\/veszprem-csonakazoto-300x213.jpg\" alt=\"R\u00e9ges r\u00e9gen\" width=\"300\" height=\"213\" srcset=\"http:\/\/www.quiltingstudio.hu\/blog\/wp-content\/uploads\/2011\/06\/veszprem-csonakazoto-300x213.jpg 300w, http:\/\/www.quiltingstudio.hu\/blog\/wp-content\/uploads\/2011\/06\/veszprem-csonakazoto.jpg 600w\" sizes=\"(max-width: 300px) 100vw, 300px\" \/><\/a><p id=\"caption-attachment-2996\" class=\"wp-caption-text\">R\u00e9ges r\u00e9gen<\/p><\/div>\n<p>A kisebbik kil\u00e1t\u00f3r\u00f3l n\u00e9zve ez a l\u00e1tv\u00e1ny t\u00e1rul el\u00e9nk:<\/p>\n<div id=\"attachment_2992\" style=\"width: 310px\" class=\"wp-caption aligncenter\"><a href=\"http:\/\/www.quiltingstudio.hu\/blog\/wp-content\/uploads\/2011\/06\/latkep.jpg\"><img aria-describedby=\"caption-attachment-2992\" decoding=\"async\" loading=\"lazy\" class=\"size-medium wp-image-2992\" title=\"latkep\" src=\"http:\/\/www.quiltingstudio.hu\/blog\/wp-content\/uploads\/2011\/06\/latkep-300x164.jpg\" alt=\"Viaduklt \" width=\"300\" height=\"164\" srcset=\"http:\/\/www.quiltingstudio.hu\/blog\/wp-content\/uploads\/2011\/06\/latkep-300x164.jpg 300w, http:\/\/www.quiltingstudio.hu\/blog\/wp-content\/uploads\/2011\/06\/latkep-1024x561.jpg 1024w, http:\/\/www.quiltingstudio.hu\/blog\/wp-content\/uploads\/2011\/06\/latkep.jpg 1099w\" sizes=\"(max-width: 300px) 100vw, 300px\" \/><\/a><p id=\"caption-attachment-2992\" class=\"wp-caption-text\">Viadukt <\/p><\/div>\n<p>A V\u00f6lgyh\u00edd m\u00e1sik oldala a v\u00e1rral \u00e9s sok-sok z\u00f6lddel.<\/p>\n<div id=\"attachment_2993\" style=\"width: 199px\" class=\"wp-caption aligncenter\"><a href=\"http:\/\/www.quiltingstudio.hu\/blog\/wp-content\/uploads\/2011\/06\/nagykilato.jpg\"><img aria-describedby=\"caption-attachment-2993\" decoding=\"async\" loading=\"lazy\" class=\"size-medium wp-image-2993\" title=\"nagykilato\" src=\"http:\/\/www.quiltingstudio.hu\/blog\/wp-content\/uploads\/2011\/06\/nagykilato-189x300.jpg\" alt=\"Nagy kil\u00e1t\u00f3\" width=\"189\" height=\"300\" srcset=\"http:\/\/www.quiltingstudio.hu\/blog\/wp-content\/uploads\/2011\/06\/nagykilato-189x300.jpg 189w, http:\/\/www.quiltingstudio.hu\/blog\/wp-content\/uploads\/2011\/06\/nagykilato-648x1024.jpg 648w, http:\/\/www.quiltingstudio.hu\/blog\/wp-content\/uploads\/2011\/06\/nagykilato.jpg 1099w\" sizes=\"(max-width: 189px) 100vw, 189px\" \/><\/a><p id=\"caption-attachment-2993\" class=\"wp-caption-text\">Nagy kil\u00e1t\u00f3<\/p><\/div>\n<p>Megm\u00e1sztuk a nagyobb kil\u00e1t\u00f3t is egy j\u00f3 k\u00e9p erej\u00e9ig.<\/p>\n<div id=\"attachment_2994\" style=\"width: 310px\" class=\"wp-caption aligncenter\"><a href=\"http:\/\/www.quiltingstudio.hu\/blog\/wp-content\/uploads\/2011\/06\/csatar.jpg\"><img aria-describedby=\"caption-attachment-2994\" decoding=\"async\" loading=\"lazy\" class=\"size-medium wp-image-2994\" title=\"csatar\" src=\"http:\/\/www.quiltingstudio.hu\/blog\/wp-content\/uploads\/2011\/06\/csatar-300x188.jpg\" alt=\"Kil\u00e1t\u00e1s\" width=\"300\" height=\"188\" srcset=\"http:\/\/www.quiltingstudio.hu\/blog\/wp-content\/uploads\/2011\/06\/csatar-300x188.jpg 300w, http:\/\/www.quiltingstudio.hu\/blog\/wp-content\/uploads\/2011\/06\/csatar-1024x644.jpg 1024w, http:\/\/www.quiltingstudio.hu\/blog\/wp-content\/uploads\/2011\/06\/csatar.jpg 1099w\" sizes=\"(max-width: 300px) 100vw, 300px\" \/><\/a><p id=\"caption-attachment-2994\" class=\"wp-caption-text\">Kil\u00e1t\u00e1s<\/p><\/div>\n<p>Ez a k\u00e9p csak az\u00e9rt \u00e9rdekes, mert a szemk\u00f6zti domb tetej\u00e9n \u00e1ll\u00f3 csat\u00e1ri kil\u00e1t\u00f3t m\u00e1r egyszer &#8216;bevett\u00fck&#8217;, szint\u00e9n egy biciklis t\u00fara keret\u00e9ben.<\/p>\n<p>Azut\u00e1n legurultunk a Lack\u00f3-forr\u00e1shoz. Milyen j\u00f3l esett az a kis hideg v\u00edz!<\/p>\n<div id=\"attachment_2998\" style=\"width: 220px\" class=\"wp-caption aligncenter\"><a href=\"http:\/\/www.quiltingstudio.hu\/blog\/wp-content\/uploads\/2011\/06\/forras.jpg\"><img aria-describedby=\"caption-attachment-2998\" decoding=\"async\" loading=\"lazy\" class=\"size-medium wp-image-2998\" title=\"forras\" src=\"http:\/\/www.quiltingstudio.hu\/blog\/wp-content\/uploads\/2011\/06\/forras-210x300.jpg\" alt=\"A forr\u00e1s\" width=\"210\" height=\"300\" srcset=\"http:\/\/www.quiltingstudio.hu\/blog\/wp-content\/uploads\/2011\/06\/forras-210x300.jpg 210w, http:\/\/www.quiltingstudio.hu\/blog\/wp-content\/uploads\/2011\/06\/forras-718x1024.jpg 718w, http:\/\/www.quiltingstudio.hu\/blog\/wp-content\/uploads\/2011\/06\/forras.jpg 1099w\" sizes=\"(max-width: 210px) 100vw, 210px\" \/><\/a><p id=\"caption-attachment-2998\" class=\"wp-caption-text\">A forr\u00e1s<\/p><\/div>\n<p>Innen a m\u00faltkor kihagyott jezsuita templomhoz ment\u00fcnk. Jelenleg is ki\u00e1ll\u00edt\u00e1snak ad helyet. M\u00e9g sosem j\u00e1rtam bent, \u00e9rdekes volt.<\/p>\n<div id=\"attachment_2999\" style=\"width: 178px\" class=\"wp-caption aligncenter\"><a href=\"http:\/\/www.quiltingstudio.hu\/blog\/wp-content\/uploads\/2011\/06\/jezsuitatemplom.jpg\"><img aria-describedby=\"caption-attachment-2999\" decoding=\"async\" loading=\"lazy\" class=\"size-medium wp-image-2999\" title=\"jezsuitatemplom\" src=\"http:\/\/www.quiltingstudio.hu\/blog\/wp-content\/uploads\/2011\/06\/jezsuitatemplom-168x300.jpg\" alt=\"Templom el\u0151r\u0151l\" width=\"168\" height=\"300\" srcset=\"http:\/\/www.quiltingstudio.hu\/blog\/wp-content\/uploads\/2011\/06\/jezsuitatemplom-168x300.jpg 168w, http:\/\/www.quiltingstudio.hu\/blog\/wp-content\/uploads\/2011\/06\/jezsuitatemplom-575x1024.jpg 575w, http:\/\/www.quiltingstudio.hu\/blog\/wp-content\/uploads\/2011\/06\/jezsuitatemplom.jpg 1099w\" sizes=\"(max-width: 168px) 100vw, 168px\" \/><\/a><p id=\"caption-attachment-2999\" class=\"wp-caption-text\">Templom el\u0151r\u0151l<\/p><\/div>\n<p>Mellette pedig a r\u00e9gi kolostor romok sz\u00e9pen.<\/p>\n<div id=\"attachment_3000\" style=\"width: 310px\" class=\"wp-caption aligncenter\"><a href=\"http:\/\/www.quiltingstudio.hu\/blog\/wp-content\/uploads\/2011\/06\/templomromokkal.jpg\"><img aria-describedby=\"caption-attachment-3000\" decoding=\"async\" loading=\"lazy\" class=\"size-medium wp-image-3000\" title=\"templomromokkal\" src=\"http:\/\/www.quiltingstudio.hu\/blog\/wp-content\/uploads\/2011\/06\/templomromokkal-300x168.jpg\" alt=\"A romok\" width=\"300\" height=\"168\" srcset=\"http:\/\/www.quiltingstudio.hu\/blog\/wp-content\/uploads\/2011\/06\/templomromokkal-300x168.jpg 300w, http:\/\/www.quiltingstudio.hu\/blog\/wp-content\/uploads\/2011\/06\/templomromokkal-1024x575.jpg 1024w, http:\/\/www.quiltingstudio.hu\/blog\/wp-content\/uploads\/2011\/06\/templomromokkal.jpg 1099w\" sizes=\"(max-width: 300px) 100vw, 300px\" \/><\/a><p id=\"caption-attachment-3000\" class=\"wp-caption-text\">A romok<\/p><\/div>\n<p>\u00c9s egy k\u00e9p m\u00e9g bel\u00fclr\u0151l is, mert \u00e9rdemes bekukkantani:<\/p>\n<div id=\"attachment_3001\" style=\"width: 310px\" class=\"wp-caption aligncenter\"><a href=\"http:\/\/www.quiltingstudio.hu\/blog\/wp-content\/uploads\/2011\/06\/belul.jpg\"><img aria-describedby=\"caption-attachment-3001\" decoding=\"async\" loading=\"lazy\" class=\"size-medium wp-image-3001\" title=\"belul\" src=\"http:\/\/www.quiltingstudio.hu\/blog\/wp-content\/uploads\/2011\/06\/belul-300x288.jpg\" alt=\"A boltozat\" width=\"300\" height=\"288\" srcset=\"http:\/\/www.quiltingstudio.hu\/blog\/wp-content\/uploads\/2011\/06\/belul-300x288.jpg 300w, http:\/\/www.quiltingstudio.hu\/blog\/wp-content\/uploads\/2011\/06\/belul-1024x983.jpg 1024w, http:\/\/www.quiltingstudio.hu\/blog\/wp-content\/uploads\/2011\/06\/belul.jpg 1099w\" sizes=\"(max-width: 300px) 100vw, 300px\" \/><\/a><p id=\"caption-attachment-3001\" class=\"wp-caption-text\">A boltozat<\/p><\/div>\n<p>Volt m\u00e1r ilyen \u00e1llapotban is:<\/p>\n<div id=\"attachment_3009\" style=\"width: 310px\" class=\"wp-caption aligncenter\"><a href=\"http:\/\/www.quiltingstudio.hu\/blog\/wp-content\/uploads\/2011\/06\/jezsrom.jpg\"><img aria-describedby=\"caption-attachment-3009\" decoding=\"async\" loading=\"lazy\" class=\"size-medium wp-image-3009\" title=\"jezsrom\" src=\"http:\/\/www.quiltingstudio.hu\/blog\/wp-content\/uploads\/2011\/06\/jezsrom-300x194.jpg\" alt=\"Romok\" width=\"300\" height=\"194\" srcset=\"http:\/\/www.quiltingstudio.hu\/blog\/wp-content\/uploads\/2011\/06\/jezsrom-300x194.jpg 300w, http:\/\/www.quiltingstudio.hu\/blog\/wp-content\/uploads\/2011\/06\/jezsrom.jpg 825w\" sizes=\"(max-width: 300px) 100vw, 300px\" \/><\/a><p id=\"caption-attachment-3009\" class=\"wp-caption-text\">Romok<\/p><\/div>\n<p>Csoda, hogy egy\u00e1ltal\u00e1n maradt bel\u0151le valami.<\/p>\n<p>Innen m\u00e1r elindultunk hazafel\u00e9, de m\u00e9g egy k\u00e9t helyen meg\u00e1lltunk, mint p\u00e9ld\u00e1ul itt:<\/p>\n<div id=\"attachment_3002\" style=\"width: 310px\" class=\"wp-caption aligncenter\"><a href=\"http:\/\/www.quiltingstudio.hu\/blog\/wp-content\/uploads\/2011\/06\/volgy.jpg\"><img aria-describedby=\"caption-attachment-3002\" decoding=\"async\" loading=\"lazy\" class=\"size-medium wp-image-3002\" title=\"volgy\" src=\"http:\/\/www.quiltingstudio.hu\/blog\/wp-content\/uploads\/2011\/06\/volgy-300x200.jpg\" alt=\"v\u00f6lgy bej\u00e1rata\" width=\"300\" height=\"200\" srcset=\"http:\/\/www.quiltingstudio.hu\/blog\/wp-content\/uploads\/2011\/06\/volgy-300x200.jpg 300w, http:\/\/www.quiltingstudio.hu\/blog\/wp-content\/uploads\/2011\/06\/volgy-1024x685.jpg 1024w, http:\/\/www.quiltingstudio.hu\/blog\/wp-content\/uploads\/2011\/06\/volgy.jpg 1099w\" sizes=\"(max-width: 300px) 100vw, 300px\" \/><\/a><p id=\"caption-attachment-3002\" class=\"wp-caption-text\">v\u00f6lgy bej\u00e1rata<\/p><\/div>\n<p>Itt indul a kellemes kis \u00fat a v\u00f6lgybe, amit a m\u00faltkor m\u00e1r megmutattam.<\/p>\n<p>Ha tov\u00e1bb megy\u00fcnk, el\u00e9rj\u00fck a r\u00e9gi strand \u00e9p\u00fclet\u00e9t, ami ma (fel\u00faj\u00edt\u00e1s ut\u00e1n ) Hist\u00f3ria \u00e9tteremk\u00e9nt m\u0171k\u00f6dik.<\/p>\n<div id=\"attachment_3003\" style=\"width: 310px\" class=\"wp-caption aligncenter\"><a href=\"http:\/\/www.quiltingstudio.hu\/blog\/wp-content\/uploads\/2011\/06\/historia.jpg\"><img aria-describedby=\"caption-attachment-3003\" decoding=\"async\" loading=\"lazy\" class=\"size-medium wp-image-3003\" title=\"historia\" src=\"http:\/\/www.quiltingstudio.hu\/blog\/wp-content\/uploads\/2011\/06\/historia-300x145.jpg\" alt=\"az \u00e9tterem\" width=\"300\" height=\"145\" srcset=\"http:\/\/www.quiltingstudio.hu\/blog\/wp-content\/uploads\/2011\/06\/historia-300x145.jpg 300w, http:\/\/www.quiltingstudio.hu\/blog\/wp-content\/uploads\/2011\/06\/historia-1024x498.jpg 1024w, http:\/\/www.quiltingstudio.hu\/blog\/wp-content\/uploads\/2011\/06\/historia.jpg 1100w\" sizes=\"(max-width: 300px) 100vw, 300px\" \/><\/a><p id=\"caption-attachment-3003\" class=\"wp-caption-text\">az \u00e9tterem<\/p><\/div>\n<p>A ker\u00e9kp\u00e1roz\u00e1s sz\u00e9ps\u00e9gei k\u00f6z\u00e9 tartozik ez is:<\/p>\n<div id=\"attachment_3011\" style=\"width: 178px\" class=\"wp-caption aligncenter\"><a href=\"http:\/\/www.quiltingstudio.hu\/blog\/wp-content\/uploads\/2011\/06\/lepcsok.jpg\"><img aria-describedby=\"caption-attachment-3011\" decoding=\"async\" loading=\"lazy\" class=\"size-medium wp-image-3011\" title=\"lepcsok\" src=\"http:\/\/www.quiltingstudio.hu\/blog\/wp-content\/uploads\/2011\/06\/lepcsok-168x300.jpg\" alt=\"L\u00e9pcs\u0151k\" width=\"168\" height=\"300\" srcset=\"http:\/\/www.quiltingstudio.hu\/blog\/wp-content\/uploads\/2011\/06\/lepcsok-168x300.jpg 168w, http:\/\/www.quiltingstudio.hu\/blog\/wp-content\/uploads\/2011\/06\/lepcsok-575x1024.jpg 575w, http:\/\/www.quiltingstudio.hu\/blog\/wp-content\/uploads\/2011\/06\/lepcsok.jpg 1100w\" sizes=\"(max-width: 168px) 100vw, 168px\" \/><\/a><p id=\"caption-attachment-3011\" class=\"wp-caption-text\">L\u00e9pcs\u0151k<\/p><\/div>\n<p>Mennyivel egyszer\u0171bb lehet ez az Alf\u00f6ld\u00f6n.<\/p>\n<p>Igaz akkor ilyen kil\u00e1t\u00e1s sem ny\u00edlna :<\/p>\n<div id=\"attachment_3012\" style=\"width: 246px\" class=\"wp-caption aligncenter\"><a href=\"http:\/\/www.quiltingstudio.hu\/blog\/wp-content\/uploads\/2011\/06\/sikator.jpg\"><img aria-describedby=\"caption-attachment-3012\" decoding=\"async\" loading=\"lazy\" class=\"size-medium wp-image-3012\" title=\"sikator\" src=\"http:\/\/www.quiltingstudio.hu\/blog\/wp-content\/uploads\/2011\/06\/sikator-236x300.jpg\" alt=\"a t\u00e1volban\" width=\"236\" height=\"300\" srcset=\"http:\/\/www.quiltingstudio.hu\/blog\/wp-content\/uploads\/2011\/06\/sikator-236x300.jpg 236w, http:\/\/www.quiltingstudio.hu\/blog\/wp-content\/uploads\/2011\/06\/sikator-806x1024.jpg 806w, http:\/\/www.quiltingstudio.hu\/blog\/wp-content\/uploads\/2011\/06\/sikator.jpg 1100w\" sizes=\"(max-width: 236px) 100vw, 236px\" \/><\/a><p id=\"caption-attachment-3012\" class=\"wp-caption-text\">a t\u00e1volban<\/p><\/div>\n","protected":false},"excerpt":{"rendered":"<p>A m\u00faltkori besz\u00e1mol\u00f3b\u00f3l kimaradt egy\u00a0 k\u00e9t \u00e9rdekess\u00e9g, most megpr\u00f3b\u00e1lom p\u00f3tolni. (persze a teljess\u00e9g ig\u00e9nye n\u00e9lk\u00fcl) Mivel az id\u0151 remek volt biciklizni, k\u00f6rbej\u00e1rtuk a szok\u00e1sos kis t\u00far\u00e1nkat, de most igyekeztem m\u00e1st vagy m\u00e1s sz\u00f6gb\u0151l lef\u00e9nyk\u00e9pezni.<\/p>\n","protected":false},"author":1,"featured_media":0,"comment_status":"open","ping_status":"closed","sticky":false,"template":"","format":"standard","meta":[],"categories":[12],"tags":[],"aioseo_notices":[],"views":2991,"_links":{"self":[{"href":"http:\/\/www.quiltingstudio.hu\/blog\/index.php?rest_route=\/wp\/v2\/posts\/2986"}],"collection":[{"href":"http:\/\/www.quiltingstudio.hu\/blog\/index.php?rest_route=\/wp\/v2\/posts"}],"about":[{"href":"http:\/\/www.quiltingstudio.hu\/blog\/index.php?rest_route=\/wp\/v2\/types\/post"}],"author":[{"embeddable":true,"href":"http:\/\/www.quiltingstudio.hu\/blog\/index.php?rest_route=\/wp\/v2\/users\/1"}],"replies":[{"embeddable":true,"href":"http:\/\/www.quiltingstudio.hu\/blog\/index.php?rest_route=%2Fwp%2Fv2%2Fcomments&post=2986"}],"version-history":[{"count":8,"href":"http:\/\/www.quiltingstudio.hu\/blog\/index.php?rest_route=\/wp\/v2\/posts\/2986\/revisions"}],"predecessor-version":[{"id":3014,"href":"http:\/\/www.quiltingstudio.hu\/blog\/index.php?rest_route=\/wp\/v2\/posts\/2986\/revisions\/3014"}],"wp:attachment":[{"href":"http:\/\/www.quiltingstudio.hu\/blog\/index.php?rest_route=%2Fwp%2Fv2%2Fmedia&parent=2986"}],"wp:term":[{"taxonomy":"category","embeddable":true,"href":"http:\/\/www.quiltingstudio.hu\/blog\/index.php?rest_route=%2Fwp%2Fv2%2Fcategories&post=2986"},{"taxonomy":"post_tag","embeddable":true,"href":"http:\/\/www.quiltingstudio.hu\/blog\/index.php?rest_route=%2Fwp%2Fv2%2Ftags&post=2986"}],"curies":[{"name":"wp","href":"https:\/\/api.w.org\/{rel}","templated":true}]}}