{"id":3015,"date":"2011-06-09T21:01:36","date_gmt":"2011-06-09T19:01:36","guid":{"rendered":"http:\/\/www.quiltingstudio.hu\/blog\/?p=3015"},"modified":"2011-06-09T21:01:36","modified_gmt":"2011-06-09T19:01:36","slug":"orchideak-2","status":"publish","type":"post","link":"http:\/\/www.quiltingstudio.hu\/blog\/?p=3015","title":{"rendered":"Orchide\u00e1k&#8230;"},"content":{"rendered":"<p>&#8230; a leg\u00fajabb kedvenceim.<\/p>\n<p>Kaptam egy halom anyagot egy kedves ismer\u0151s\u00f6mt\u0151l. De ezek nem igaz\u00e1n olyan jelleg\u0171 anyagok, mint amit \u00e9n eddig haszn\u00e1ltam. Az egyetlen dolog, ami miatt megtetszett (\u00e9s elind\u00edtotta a fant\u00e1zi\u00e1mat), hogy orchide\u00e1k vannak rajta az egyiken.<\/p>\n<div id=\"attachment_3016\" style=\"width: 310px\" class=\"wp-caption aligncenter\"><a href=\"http:\/\/www.quiltingstudio.hu\/blog\/wp-content\/uploads\/2011\/06\/orchideas-parna.jpg\"><img aria-describedby=\"caption-attachment-3016\" decoding=\"async\" loading=\"lazy\" class=\"size-medium wp-image-3016\" title=\"orchideas-parna\" src=\"http:\/\/www.quiltingstudio.hu\/blog\/wp-content\/uploads\/2011\/06\/orchideas-parna-300x291.jpg\" alt=\"z\u00f6ld p\u00e1rna\" width=\"300\" height=\"291\" srcset=\"http:\/\/www.quiltingstudio.hu\/blog\/wp-content\/uploads\/2011\/06\/orchideas-parna-300x291.jpg 300w, http:\/\/www.quiltingstudio.hu\/blog\/wp-content\/uploads\/2011\/06\/orchideas-parna.jpg 604w\" sizes=\"(max-width: 300px) 100vw, 300px\" \/><\/a><p id=\"caption-attachment-3016\" class=\"wp-caption-text\">z\u00f6ld p\u00e1rna<\/p><\/div>\n<p>Kicsit k\u00f6rbet\u0171ztem \u00e9s a k\u00f6ztes helyeket pedig egyszer\u0171en csak kit\u00f6lt\u00f6ttem.<\/p>\n<p>\u00dagyis kellett m\u00e1r egy \u00fajabb p\u00e1rna, mert a r\u00e9gi &#8216;t\u00e1borbaj\u00e1r\u00f3s&#8217; m\u00e1r kicsit kopott. \u00cdgy most ez j\u00f6n velem Lell\u00e9re!<\/p>\n<p>De a t\u00f6bbib\u0151l mi lesz!?<\/p>\n","protected":false},"excerpt":{"rendered":"<p>&#8230; a leg\u00fajabb kedvenceim. Kaptam egy halom anyagot egy kedves ismer\u0151s\u00f6mt\u0151l. De ezek nem igaz\u00e1n olyan jelleg\u0171 anyagok, mint amit \u00e9n eddig haszn\u00e1ltam. Az egyetlen dolog, ami miatt megtetszett (\u00e9s elind\u00edtotta a fant\u00e1zi\u00e1mat), hogy orchide\u00e1k vannak rajta az egyiken. Kicsit k\u00f6rbet\u0171ztem \u00e9s a k\u00f6ztes helyeket pedig egyszer\u0171en csak kit\u00f6lt\u00f6ttem. \u00dagyis kellett m\u00e1r egy \u00fajabb p\u00e1rna, [&hellip;]<\/p>\n","protected":false},"author":1,"featured_media":0,"comment_status":"open","ping_status":"closed","sticky":false,"template":"","format":"standard","meta":[],"categories":[3],"tags":[],"aioseo_notices":[],"views":2074,"_links":{"self":[{"href":"http:\/\/www.quiltingstudio.hu\/blog\/index.php?rest_route=\/wp\/v2\/posts\/3015"}],"collection":[{"href":"http:\/\/www.quiltingstudio.hu\/blog\/index.php?rest_route=\/wp\/v2\/posts"}],"about":[{"href":"http:\/\/www.quiltingstudio.hu\/blog\/index.php?rest_route=\/wp\/v2\/types\/post"}],"author":[{"embeddable":true,"href":"http:\/\/www.quiltingstudio.hu\/blog\/index.php?rest_route=\/wp\/v2\/users\/1"}],"replies":[{"embeddable":true,"href":"http:\/\/www.quiltingstudio.hu\/blog\/index.php?rest_route=%2Fwp%2Fv2%2Fcomments&post=3015"}],"version-history":[{"count":2,"href":"http:\/\/www.quiltingstudio.hu\/blog\/index.php?rest_route=\/wp\/v2\/posts\/3015\/revisions"}],"predecessor-version":[{"id":3018,"href":"http:\/\/www.quiltingstudio.hu\/blog\/index.php?rest_route=\/wp\/v2\/posts\/3015\/revisions\/3018"}],"wp:attachment":[{"href":"http:\/\/www.quiltingstudio.hu\/blog\/index.php?rest_route=%2Fwp%2Fv2%2Fmedia&parent=3015"}],"wp:term":[{"taxonomy":"category","embeddable":true,"href":"http:\/\/www.quiltingstudio.hu\/blog\/index.php?rest_route=%2Fwp%2Fv2%2Fcategories&post=3015"},{"taxonomy":"post_tag","embeddable":true,"href":"http:\/\/www.quiltingstudio.hu\/blog\/index.php?rest_route=%2Fwp%2Fv2%2Ftags&post=3015"}],"curies":[{"name":"wp","href":"https:\/\/api.w.org\/{rel}","templated":true}]}}