{"id":3029,"date":"2011-07-07T15:30:30","date_gmt":"2011-07-07T13:30:30","guid":{"rendered":"http:\/\/www.quiltingstudio.hu\/blog\/?p=3029"},"modified":"2011-07-07T15:55:12","modified_gmt":"2011-07-07T13:55:12","slug":"akkor-es-most-iii","status":"publish","type":"post","link":"http:\/\/www.quiltingstudio.hu\/blog\/?p=3029","title":{"rendered":"Akkor \u00e9s most III&#8230;"},"content":{"rendered":"<p>Ilyen volt a v\u00e1rkapu egy korabeli k\u00e9peslapon:<\/p>\n<div id=\"attachment_3030\" style=\"width: 310px\" class=\"wp-caption aligncenter\"><a href=\"http:\/\/www.quiltingstudio.hu\/blog\/wp-content\/uploads\/2011\/06\/varkapu.jpg\"><img aria-describedby=\"caption-attachment-3030\" decoding=\"async\" loading=\"lazy\" class=\"size-medium wp-image-3030\" title=\"varkapu\" src=\"http:\/\/www.quiltingstudio.hu\/blog\/wp-content\/uploads\/2011\/06\/varkapu-300x196.jpg\" alt=\"A h\u0151s\u00f6k kapuja\" width=\"300\" height=\"196\" srcset=\"http:\/\/www.quiltingstudio.hu\/blog\/wp-content\/uploads\/2011\/06\/varkapu-300x196.jpg 300w, http:\/\/www.quiltingstudio.hu\/blog\/wp-content\/uploads\/2011\/06\/varkapu.jpg 827w\" sizes=\"(max-width: 300px) 100vw, 300px\" \/><\/a><p id=\"caption-attachment-3030\" class=\"wp-caption-text\">A h\u0151s\u00f6k kapuja<\/p><\/div>\n<p><!--more--><\/p>\n<p>\u00c9s ugyanez most a mi k\u00e9peinken: (sok v\u00e1ltoz\u00e1s itt nincs)<\/p>\n<div id=\"attachment_2929\" style=\"width: 310px\" class=\"wp-caption aligncenter\"><a href=\"http:\/\/www.quiltingstudio.hu\/blog\/wp-content\/uploads\/2011\/05\/b4.jpg\"><img aria-describedby=\"caption-attachment-2929\" decoding=\"async\" loading=\"lazy\" class=\"size-medium wp-image-2929\" title=\"b4\" src=\"http:\/\/www.quiltingstudio.hu\/blog\/wp-content\/uploads\/2011\/05\/b4-300x168.jpg\" alt=\"V\u00e1rkapu\" width=\"300\" height=\"168\" srcset=\"http:\/\/www.quiltingstudio.hu\/blog\/wp-content\/uploads\/2011\/05\/b4-300x168.jpg 300w, http:\/\/www.quiltingstudio.hu\/blog\/wp-content\/uploads\/2011\/05\/b4.jpg 800w\" sizes=\"(max-width: 300px) 100vw, 300px\" \/><\/a><p id=\"caption-attachment-2929\" class=\"wp-caption-text\">V\u00e1rkapu<\/p><\/div>\n<p>A kedvencem, a T\u0171ztorony:<\/p>\n<div id=\"attachment_3032\" style=\"width: 199px\" class=\"wp-caption aligncenter\"><a href=\"http:\/\/www.quiltingstudio.hu\/blog\/wp-content\/uploads\/2011\/06\/tuztorony.jpg\"><img aria-describedby=\"caption-attachment-3032\" decoding=\"async\" loading=\"lazy\" class=\"size-medium wp-image-3032\" title=\"tuztorony\" src=\"http:\/\/www.quiltingstudio.hu\/blog\/wp-content\/uploads\/2011\/06\/tuztorony-189x300.jpg\" alt=\"Vigy\u00e1z\u00f3 torony\" width=\"189\" height=\"300\" srcset=\"http:\/\/www.quiltingstudio.hu\/blog\/wp-content\/uploads\/2011\/06\/tuztorony-189x300.jpg 189w, http:\/\/www.quiltingstudio.hu\/blog\/wp-content\/uploads\/2011\/06\/tuztorony.jpg 529w\" sizes=\"(max-width: 189px) 100vw, 189px\" \/><\/a><p id=\"caption-attachment-3032\" class=\"wp-caption-text\">Vigy\u00e1z\u00f3 torony<\/p><\/div>\n<p>H\u00e1tha valaki\u00a0 esetleg nem tudja elolvasni j\u00f3l a feliratot a h\u00e1zfalon:<\/p>\n<p><em><strong>Adriai Biztos\u00edt\u00f3 T\u00e1rsulat F\u0151\u00fcgyn\u00f6ks\u00e9ge<\/strong><\/em> (alap\u00edtott\u00e1k 1838-ban Triesztben, els\u0151sorban t\u0171zk\u00e1rokra, k\u00e9s\u0151bb kib\u0151v\u00edtett\u00e9k sz\u00e1ll\u00edtm\u00e1nyoz\u00e1sra \u00e9let-\u00e9s baleset biztos\u00edt\u00e1sra)<\/p>\n<p>A szemben l\u00e9v\u0151 h\u00e1zban a sarkon Patika volt \u00e1ll\u00edt\u00f3lag \u00e9vekig.<\/p>\n<p>Ugyanez a t\u00e9r egy m\u00e1sik korai k\u00e9pen:<\/p>\n<div id=\"attachment_3052\" style=\"width: 310px\" class=\"wp-caption aligncenter\"><a href=\"http:\/\/www.quiltingstudio.hu\/blog\/wp-content\/uploads\/2011\/06\/foter1.jpg\"><img aria-describedby=\"caption-attachment-3052\" decoding=\"async\" loading=\"lazy\" class=\"size-medium wp-image-3052\" title=\"foter1\" src=\"http:\/\/www.quiltingstudio.hu\/blog\/wp-content\/uploads\/2011\/06\/foter1-300x193.jpg\" alt=\"F\u0151 t\u00e9r\" width=\"300\" height=\"193\" srcset=\"http:\/\/www.quiltingstudio.hu\/blog\/wp-content\/uploads\/2011\/06\/foter1-300x193.jpg 300w, http:\/\/www.quiltingstudio.hu\/blog\/wp-content\/uploads\/2011\/06\/foter1.jpg 819w\" sizes=\"(max-width: 300px) 100vw, 300px\" \/><\/a><p id=\"caption-attachment-3052\" class=\"wp-caption-text\">F\u0151 t\u00e9r<\/p><\/div>\n<p>Itt tartott\u00e1k a hetipiacot is sok\u00e1ig.<\/p>\n<p>Egy kis \u00e9rdekess\u00e9g:<\/p>\n<div id=\"attachment_3100\" style=\"width: 200px\" class=\"wp-caption aligncenter\"><a href=\"http:\/\/www.quiltingstudio.hu\/blog\/wp-content\/uploads\/2011\/07\/veszprem-veszpremi-varfal-es-tuztorony-tuztorony_1959.jpg\"><img aria-describedby=\"caption-attachment-3100\" decoding=\"async\" loading=\"lazy\" class=\"size-medium wp-image-3100\" title=\"veszprem-veszpremi-varfal-es-tuztorony-tuztorony_1959\" src=\"http:\/\/www.quiltingstudio.hu\/blog\/wp-content\/uploads\/2011\/07\/veszprem-veszpremi-varfal-es-tuztorony-tuztorony_1959-190x300.jpg\" alt=\"A v\u00f6r\u00f6s csillaggal\" width=\"190\" height=\"300\" srcset=\"http:\/\/www.quiltingstudio.hu\/blog\/wp-content\/uploads\/2011\/07\/veszprem-veszpremi-varfal-es-tuztorony-tuztorony_1959-190x300.jpg 190w, http:\/\/www.quiltingstudio.hu\/blog\/wp-content\/uploads\/2011\/07\/veszprem-veszpremi-varfal-es-tuztorony-tuztorony_1959.jpg 508w\" sizes=\"(max-width: 190px) 100vw, 190px\" \/><\/a><p id=\"caption-attachment-3100\" class=\"wp-caption-text\">A v\u00f6r\u00f6s csillaggal<\/p><\/div>\n<p>( Fot\u00f3 egykor.hu oldalr\u00f3l)<\/p>\n<div id=\"attachment_3055\" style=\"width: 310px\" class=\"wp-caption aligncenter\"><a href=\"http:\/\/www.quiltingstudio.hu\/blog\/wp-content\/uploads\/2011\/06\/fortepantuztorony.jpg\"><img aria-describedby=\"caption-attachment-3055\" decoding=\"async\" loading=\"lazy\" class=\"size-medium wp-image-3055\" title=\"fortepantuztorony\" src=\"http:\/\/www.quiltingstudio.hu\/blog\/wp-content\/uploads\/2011\/06\/fortepantuztorony-300x277.jpg\" alt=\"Egy m\u00e1sik v\u00e1ltozat\" width=\"300\" height=\"277\" srcset=\"http:\/\/www.quiltingstudio.hu\/blog\/wp-content\/uploads\/2011\/06\/fortepantuztorony-300x277.jpg 300w, http:\/\/www.quiltingstudio.hu\/blog\/wp-content\/uploads\/2011\/06\/fortepantuztorony-1024x946.jpg 1024w\" sizes=\"(max-width: 300px) 100vw, 300px\" \/><\/a><p id=\"caption-attachment-3055\" class=\"wp-caption-text\">Egy m\u00e1sik v\u00e1ltozat a 60-as \u00e9vekb\u0151l<\/p><\/div>\n<p>A k\u00e9p jobb oldal\u00e1n \u00e1ll a veszpr\u00e9mi <em>Egyh\u00e1zmegyei Alap\u00edtv\u00e1nyi Hivatal<\/em> \u00e9p\u00fclete, ami ma a V\u00e1rosh\u00e1za.<\/p>\n<p>E mellett \u00e1llt valamikor (ma m\u00e1r h\u00edre hamva sincs) a Nemzeti Kaszin\u00f3 (jellegtelen) \u00e9p\u00fclete. Arr\u00f3l is van k\u00e9pem, de most nem tal\u00e1lom. (p\u00f3tolom)<\/p>\n<p>\u00c9s m\u00e9g egy k\u00e9s\u0151bbi verzi\u00f3, a hetvenes \u00e9vekb\u0151l, Zsuzsival ez el\u0151t\u00e9rben. A bronz szobor R.Kiss Lenke alkot\u00e1sa, 1961 \u00f3ta \u00fcl ott a le\u00e1nyz\u00f3. Valami\u00e9rt Zsuzsinak nevezik, \u00edgy is maradt meg a k\u00f6ztudatban.<\/p>\n<div id=\"attachment_3058\" style=\"width: 211px\" class=\"wp-caption aligncenter\"><a href=\"http:\/\/www.quiltingstudio.hu\/blog\/wp-content\/uploads\/2011\/06\/zsuzsi197x1.jpg\"><img aria-describedby=\"caption-attachment-3058\" decoding=\"async\" loading=\"lazy\" class=\"size-medium wp-image-3058\" title=\"zsuzsi197x1\" src=\"http:\/\/www.quiltingstudio.hu\/blog\/wp-content\/uploads\/2011\/06\/zsuzsi197x1-201x300.jpg\" alt=\"Zsuzsival\" width=\"201\" height=\"300\" srcset=\"http:\/\/www.quiltingstudio.hu\/blog\/wp-content\/uploads\/2011\/06\/zsuzsi197x1-201x300.jpg 201w, http:\/\/www.quiltingstudio.hu\/blog\/wp-content\/uploads\/2011\/06\/zsuzsi197x1.jpg 466w\" sizes=\"(max-width: 201px) 100vw, 201px\" \/><\/a><p id=\"caption-attachment-3058\" class=\"wp-caption-text\">Kors\u00f3s l\u00e1ny<\/p><\/div>\n<p>\u0150 most is ott pancsol, csak kicsit h\u00e1tr\u00e9bb ker\u00fclt.<\/p>\n<p>A 2011-es verzi\u00f3:<\/p>\n<div id=\"attachment_3053\" style=\"width: 278px\" class=\"wp-caption aligncenter\"><a href=\"http:\/\/www.quiltingstudio.hu\/blog\/wp-content\/uploads\/2011\/06\/tuztorony_foter.jpg\"><img aria-describedby=\"caption-attachment-3053\" decoding=\"async\" loading=\"lazy\" class=\"size-medium wp-image-3053\" title=\"tuztorony_foter\" src=\"http:\/\/www.quiltingstudio.hu\/blog\/wp-content\/uploads\/2011\/06\/tuztorony_foter-268x300.jpg\" alt=\"A t\u0171ztorony ma\" width=\"268\" height=\"300\" srcset=\"http:\/\/www.quiltingstudio.hu\/blog\/wp-content\/uploads\/2011\/06\/tuztorony_foter-268x300.jpg 268w, http:\/\/www.quiltingstudio.hu\/blog\/wp-content\/uploads\/2011\/06\/tuztorony_foter-916x1024.jpg 916w, http:\/\/www.quiltingstudio.hu\/blog\/wp-content\/uploads\/2011\/06\/tuztorony_foter.jpg 1010w\" sizes=\"(max-width: 268px) 100vw, 268px\" \/><\/a><p id=\"caption-attachment-3053\" class=\"wp-caption-text\">A t\u0171ztorony ma<\/p><\/div>\n","protected":false},"excerpt":{"rendered":"<p>Ilyen volt a v\u00e1rkapu egy korabeli k\u00e9peslapon:<\/p>\n","protected":false},"author":1,"featured_media":0,"comment_status":"open","ping_status":"closed","sticky":false,"template":"","format":"standard","meta":[],"categories":[12],"tags":[],"aioseo_notices":[],"views":2605,"_links":{"self":[{"href":"http:\/\/www.quiltingstudio.hu\/blog\/index.php?rest_route=\/wp\/v2\/posts\/3029"}],"collection":[{"href":"http:\/\/www.quiltingstudio.hu\/blog\/index.php?rest_route=\/wp\/v2\/posts"}],"about":[{"href":"http:\/\/www.quiltingstudio.hu\/blog\/index.php?rest_route=\/wp\/v2\/types\/post"}],"author":[{"embeddable":true,"href":"http:\/\/www.quiltingstudio.hu\/blog\/index.php?rest_route=\/wp\/v2\/users\/1"}],"replies":[{"embeddable":true,"href":"http:\/\/www.quiltingstudio.hu\/blog\/index.php?rest_route=%2Fwp%2Fv2%2Fcomments&post=3029"}],"version-history":[{"count":21,"href":"http:\/\/www.quiltingstudio.hu\/blog\/index.php?rest_route=\/wp\/v2\/posts\/3029\/revisions"}],"predecessor-version":[{"id":3101,"href":"http:\/\/www.quiltingstudio.hu\/blog\/index.php?rest_route=\/wp\/v2\/posts\/3029\/revisions\/3101"}],"wp:attachment":[{"href":"http:\/\/www.quiltingstudio.hu\/blog\/index.php?rest_route=%2Fwp%2Fv2%2Fmedia&parent=3029"}],"wp:term":[{"taxonomy":"category","embeddable":true,"href":"http:\/\/www.quiltingstudio.hu\/blog\/index.php?rest_route=%2Fwp%2Fv2%2Fcategories&post=3029"},{"taxonomy":"post_tag","embeddable":true,"href":"http:\/\/www.quiltingstudio.hu\/blog\/index.php?rest_route=%2Fwp%2Fv2%2Ftags&post=3029"}],"curies":[{"name":"wp","href":"https:\/\/api.w.org\/{rel}","templated":true}]}}